{"id":907,"date":"2026-05-02T01:35:22","date_gmt":"2026-05-02T05:35:22","guid":{"rendered":"https:\/\/lodehoyrd.com\/?p=907"},"modified":"2026-05-02T01:35:22","modified_gmt":"2026-05-02T05:35:22","slug":"red-inspr-rd-llama-a-fortalecer-la-seguridad-social-y-proteger-derechos-laborales-en-el-dia-del-trabajo","status":"publish","type":"post","link":"https:\/\/lodehoyrd.com\/?p=907","title":{"rendered":"Red INSP!R RD llama a fortalecer la seguridad social y proteger derechos laborales en el D\u00eda del Trabajo"},"content":{"rendered":"\n<p><\/p>\n\n\n\n<p>ORLANDO ARIAS<\/p>\n\n\n\n<p>Santo Domingo.- En el marco del D\u00eda Internacional del Trabajo y al cumplirse 25 a\u00f1os del sistema de Seguridad Social en la Rep\u00fablica Dominicana, la Red Nacional de Protecci\u00f3n Social (INSP!R RD), junto a diversas organizaciones sociales, inst\u00f3 al Estado a avanzar hacia un modelo m\u00e1s inclusivo, equitativo y sostenible que garantice derechos fundamentales a la poblaci\u00f3n trabajadora.<\/p>\n\n\n\n<p>El pronunciamiento, respaldado por entidades como CASC, CNTD, CNUS, MOSCTHA, AMUSSOL, CONAMUCA, FEI y CIMTRA, destaca que, a pesar de los avances en materia laboral y de protecci\u00f3n social, a\u00fan persisten brechas estructurales que limitan el acceso universal a servicios de calidad.<\/p>\n\n\n\n<p>Asegura que estas desigualdades afectan principalmente a mujeres, trabajadores del sector informal, dom\u00e9sticas, personas migrantes y otros grupos hist\u00f3ricamente excluidos.<\/p>\n\n\n\n<p>La Red subray\u00f3 que, tras 25 a\u00f1os de la creaci\u00f3n del sistema de Seguridad Social, resulta urgente garantizar acceso efectivo a servicios de salud, pensiones dignas y mecanismos de protecci\u00f3n frente a riesgos sociales, sin discriminaci\u00f3n.<\/p>\n\n\n\n<p>Asimismo, enfatiz\u00f3 la importancia de proteger conquistas hist\u00f3ricas de la clase trabajadora, como la cesant\u00eda laboral, y de salvaguardar derechos fundamentales como la libertad sindical, la negociaci\u00f3n colectiva y el respeto a los pactos laborales.<\/p>\n\n\n\n<p>En ese sentido, manifest\u00f3 preocupaci\u00f3n ante propuestas que podr\u00edan debilitar estas garant\u00edas o limitar la organizaci\u00f3n de los trabajadores.<\/p>\n\n\n\n<p>Mediante un documento, el colectivo expres\u00f3 su respaldo al movimiento sindical dominicano, reconociendo su papel clave en la defensa de los derechos laborales y en la construcci\u00f3n de una sociedad m\u00e1s justa.<\/p>\n\n\n\n<p>En su llamado al Estado, la Red INSP!R RD inst\u00f3 a fortalecer pol\u00edticas p\u00fablicas que ampl\u00eden la cobertura de la protecci\u00f3n social, mejoren la calidad de los servicios y promuevan un di\u00e1logo social efectivo con participaci\u00f3n real de todos los sectores.<\/p>\n\n\n\n<p>La organizaci\u00f3n reafirm\u00f3 su compromiso de continuar articulando esfuerzos desde la sociedad civil y el movimiento sindical para lograr que el trabajo digno y la protecci\u00f3n social sean derechos efectivos para todas las personas.<\/p>\n\n\n\n<p>\u201cEn este D\u00eda Internacional del Trabajo, renovamos el llamado a la acci\u00f3n colectiva, la solidaridad y la defensa activa de los derechos laborales como base del desarrollo sostenible y la justicia social en la Rep\u00fablica Dominicana\u201d, expuso la entidad.<\/p>\n","protected":false},"excerpt":{"rendered":"<p>ORLANDO ARIAS Santo Domingo.- En el marco del D\u00eda Internacional del Trabajo y al cumplirse 25 a\u00f1os del sistema de Seguridad Social en la Rep\u00fablica Dominicana, la Red Nacional de Protecci\u00f3n Social (INSP!R RD), junto a diversas organizaciones sociales, inst\u00f3 al Estado a avanzar hacia un modelo m\u00e1s inclusivo, equitativo y sostenible que garantice derechos&#8230;<\/p>\n","protected":false},"author":1,"featured_media":908,"comment_status":"open","ping_status":"open","sticky":false,"template":"","format":"standard","meta":{"footnotes":""},"categories":[3],"tags":[],"class_list":["post-907","post","type-post","status-publish","format-standard","has-post-thumbnail","hentry","category-nacionales"],"yoast_head":"<!-- This site is optimized with the Yoast SEO plugin v27.4 - https:\/\/yoast.com\/product\/yoast-seo-wordpress\/ -->\n<title>Red INSP!R RD llama a fortalecer la seguridad social y proteger derechos laborales en el D\u00eda del Trabajo - LODEHOYRD.COM<\/title>\n<meta name=\"robots\" content=\"index, follow, max-snippet:-1, max-image-preview:large, max-video-preview:-1\" \/>\n<link rel=\"canonical\" href=\"https:\/\/lodehoyrd.com\/?p=907\" \/>\n<meta property=\"og:locale\" content=\"es_ES\" \/>\n<meta property=\"og:type\" content=\"article\" \/>\n<meta property=\"og:title\" content=\"Red INSP!R RD llama a fortalecer la seguridad social y proteger derechos laborales en el D\u00eda del Trabajo - LODEHOYRD.COM\" \/>\n<meta property=\"og:description\" content=\"ORLANDO ARIAS Santo Domingo.- En el marco del D\u00eda Internacional del Trabajo y al cumplirse 25 a\u00f1os del sistema de Seguridad Social en la Rep\u00fablica Dominicana, la Red Nacional de Protecci\u00f3n Social (INSP!R RD), junto a diversas organizaciones sociales, inst\u00f3 al Estado a avanzar hacia un modelo m\u00e1s inclusivo, equitativo y sostenible que garantice derechos...\" \/>\n<meta property=\"og:url\" content=\"https:\/\/lodehoyrd.com\/?p=907\" \/>\n<meta property=\"og:site_name\" content=\"LODEHOYRD.COM\" \/>\n<meta property=\"article:publisher\" content=\"https:\/\/www.facebook.com\/lodeoyrd\/\" \/>\n<meta property=\"article:published_time\" content=\"2026-05-02T05:35:22+00:00\" \/>\n<meta property=\"og:image\" content=\"https:\/\/lodehoyrd.com\/wp-content\/uploads\/2026\/05\/WhatsApp-Image-2026-05-01-at-7.56.00-PM.jpeg\" \/>\n\t<meta property=\"og:image:width\" content=\"1080\" \/>\n\t<meta property=\"og:image:height\" content=\"662\" \/>\n\t<meta property=\"og:image:type\" content=\"image\/jpeg\" \/>\n<meta name=\"author\" content=\"estebandelarosa2820@gmail.com\" \/>\n<meta name=\"twitter:card\" content=\"summary_large_image\" \/>\n<meta name=\"twitter:creator\" content=\"@PatriotasDom\" \/>\n<meta name=\"twitter:site\" content=\"@PatriotasDom\" \/>\n<meta name=\"twitter:label1\" content=\"Written by\" \/>\n\t<meta name=\"twitter:data1\" content=\"estebandelarosa2820@gmail.com\" \/>\n\t<meta name=\"twitter:label2\" content=\"Est. reading time\" \/>\n\t<meta name=\"twitter:data2\" content=\"2 minutos\" \/>\n<!-- \/ Yoast SEO plugin. -->","yoast_head_json":{"title":"Red INSP!R RD llama a fortalecer la seguridad social y proteger derechos laborales en el D\u00eda del Trabajo - LODEHOYRD.COM","robots":{"index":"index","follow":"follow","max-snippet":"max-snippet:-1","max-image-preview":"max-image-preview:large","max-video-preview":"max-video-preview:-1"},"canonical":"https:\/\/lodehoyrd.com\/?p=907","og_locale":"es_ES","og_type":"article","og_title":"Red INSP!R RD llama a fortalecer la seguridad social y proteger derechos laborales en el D\u00eda del Trabajo - LODEHOYRD.COM","og_description":"ORLANDO ARIAS Santo Domingo.- En el marco del D\u00eda Internacional del Trabajo y al cumplirse 25 a\u00f1os del sistema de Seguridad Social en la Rep\u00fablica Dominicana, la Red Nacional de Protecci\u00f3n Social (INSP!R RD), junto a diversas organizaciones sociales, inst\u00f3 al Estado a avanzar hacia un modelo m\u00e1s inclusivo, equitativo y sostenible que garantice derechos...","og_url":"https:\/\/lodehoyrd.com\/?p=907","og_site_name":"LODEHOYRD.COM","article_publisher":"https:\/\/www.facebook.com\/lodeoyrd\/","article_published_time":"2026-05-02T05:35:22+00:00","og_image":[{"width":1080,"height":662,"url":"https:\/\/lodehoyrd.com\/wp-content\/uploads\/2026\/05\/WhatsApp-Image-2026-05-01-at-7.56.00-PM.jpeg","type":"image\/jpeg"}],"author":"estebandelarosa2820@gmail.com","twitter_card":"summary_large_image","twitter_creator":"@PatriotasDom","twitter_site":"@PatriotasDom","twitter_misc":{"Written by":"estebandelarosa2820@gmail.com","Est. reading time":"2 minutos"},"schema":{"@context":"https:\/\/schema.org","@graph":[{"@type":"Article","@id":"https:\/\/lodehoyrd.com\/?p=907#article","isPartOf":{"@id":"https:\/\/lodehoyrd.com\/?p=907"},"author":{"name":"estebandelarosa2820@gmail.com","@id":"https:\/\/lodehoyrd.com\/#\/schema\/person\/080cec02e9cd72318c5b8c215402abd7"},"headline":"Red INSP!R RD llama a fortalecer la seguridad social y proteger derechos laborales en el D\u00eda del Trabajo","datePublished":"2026-05-02T05:35:22+00:00","mainEntityOfPage":{"@id":"https:\/\/lodehoyrd.com\/?p=907"},"wordCount":413,"commentCount":0,"publisher":{"@id":"https:\/\/lodehoyrd.com\/#organization"},"image":{"@id":"https:\/\/lodehoyrd.com\/?p=907#primaryimage"},"thumbnailUrl":"https:\/\/lodehoyrd.com\/wp-content\/uploads\/2026\/05\/WhatsApp-Image-2026-05-01-at-7.56.00-PM.jpeg","articleSection":["NACIONALES"],"inLanguage":"es-DO","potentialAction":[{"@type":"CommentAction","name":"Comment","target":["https:\/\/lodehoyrd.com\/?p=907#respond"]}]},{"@type":"WebPage","@id":"https:\/\/lodehoyrd.com\/?p=907","url":"https:\/\/lodehoyrd.com\/?p=907","name":"Red INSP!R RD llama a fortalecer la seguridad social y proteger derechos laborales en el D\u00eda del Trabajo - LODEHOYRD.COM","isPartOf":{"@id":"https:\/\/lodehoyrd.com\/#website"},"primaryImageOfPage":{"@id":"https:\/\/lodehoyrd.com\/?p=907#primaryimage"},"image":{"@id":"https:\/\/lodehoyrd.com\/?p=907#primaryimage"},"thumbnailUrl":"https:\/\/lodehoyrd.com\/wp-content\/uploads\/2026\/05\/WhatsApp-Image-2026-05-01-at-7.56.00-PM.jpeg","datePublished":"2026-05-02T05:35:22+00:00","breadcrumb":{"@id":"https:\/\/lodehoyrd.com\/?p=907#breadcrumb"},"inLanguage":"es-DO","potentialAction":[{"@type":"ReadAction","target":["https:\/\/lodehoyrd.com\/?p=907"]}]},{"@type":"ImageObject","inLanguage":"es-DO","@id":"https:\/\/lodehoyrd.com\/?p=907#primaryimage","url":"https:\/\/lodehoyrd.com\/wp-content\/uploads\/2026\/05\/WhatsApp-Image-2026-05-01-at-7.56.00-PM.jpeg","contentUrl":"https:\/\/lodehoyrd.com\/wp-content\/uploads\/2026\/05\/WhatsApp-Image-2026-05-01-at-7.56.00-PM.jpeg","width":1080,"height":662},{"@type":"BreadcrumbList","@id":"https:\/\/lodehoyrd.com\/?p=907#breadcrumb","itemListElement":[{"@type":"ListItem","position":1,"name":"Home","item":"https:\/\/lodehoyrd.com\/"},{"@type":"ListItem","position":2,"name":"Red INSP!R RD llama a fortalecer la seguridad social y proteger derechos laborales en el D\u00eda del Trabajo"}]},{"@type":"WebSite","@id":"https:\/\/lodehoyrd.com\/#website","url":"https:\/\/lodehoyrd.com\/","name":"LODEHOYRD.COM","description":"INFORMACION ACTUAL Y VERAZ ","publisher":{"@id":"https:\/\/lodehoyrd.com\/#organization"},"potentialAction":[{"@type":"SearchAction","target":{"@type":"EntryPoint","urlTemplate":"https:\/\/lodehoyrd.com\/?s={search_term_string}"},"query-input":{"@type":"PropertyValueSpecification","valueRequired":true,"valueName":"search_term_string"}}],"inLanguage":"es-DO"},{"@type":"Organization","@id":"https:\/\/lodehoyrd.com\/#organization","name":"LODEHOYRD","url":"https:\/\/lodehoyrd.com\/","logo":{"@type":"ImageObject","inLanguage":"es-DO","@id":"https:\/\/lodehoyrd.com\/#\/schema\/logo\/image\/","url":"https:\/\/lodehoyrd.com\/wp-content\/uploads\/2026\/01\/cropped-587839248_1764678434311177_7454960250106730443_n.jpg","contentUrl":"https:\/\/lodehoyrd.com\/wp-content\/uploads\/2026\/01\/cropped-587839248_1764678434311177_7454960250106730443_n.jpg","width":512,"height":512,"caption":"LODEHOYRD"},"image":{"@id":"https:\/\/lodehoyrd.com\/#\/schema\/logo\/image\/"},"sameAs":["https:\/\/www.facebook.com\/lodeoyrd\/","https:\/\/x.com\/PatriotasDom","https:\/\/www.instagram.com\/lodehoyr\/","https:\/\/www.tiktok.com\/@lodehoyrd"]},{"@type":"Person","@id":"https:\/\/lodehoyrd.com\/#\/schema\/person\/080cec02e9cd72318c5b8c215402abd7","name":"estebandelarosa2820@gmail.com","image":{"@type":"ImageObject","inLanguage":"es-DO","@id":"https:\/\/secure.gravatar.com\/avatar\/cb4cce556556a7dd79eed4e5ff8c9cc5af640bad7cbcc06114b5f9300bb6f631?s=96&d=mm&r=g","url":"https:\/\/secure.gravatar.com\/avatar\/cb4cce556556a7dd79eed4e5ff8c9cc5af640bad7cbcc06114b5f9300bb6f631?s=96&d=mm&r=g","contentUrl":"https:\/\/secure.gravatar.com\/avatar\/cb4cce556556a7dd79eed4e5ff8c9cc5af640bad7cbcc06114b5f9300bb6f631?s=96&d=mm&r=g","caption":"estebandelarosa2820@gmail.com"},"sameAs":["https:\/\/lodehoyrd.com"],"url":"https:\/\/lodehoyrd.com\/?author=1"}]}},"_links":{"self":[{"href":"https:\/\/lodehoyrd.com\/index.php?rest_route=\/wp\/v2\/posts\/907","targetHints":{"allow":["GET"]}}],"collection":[{"href":"https:\/\/lodehoyrd.com\/index.php?rest_route=\/wp\/v2\/posts"}],"about":[{"href":"https:\/\/lodehoyrd.com\/index.php?rest_route=\/wp\/v2\/types\/post"}],"author":[{"embeddable":true,"href":"https:\/\/lodehoyrd.com\/index.php?rest_route=\/wp\/v2\/users\/1"}],"replies":[{"embeddable":true,"href":"https:\/\/lodehoyrd.com\/index.php?rest_route=%2Fwp%2Fv2%2Fcomments&post=907"}],"version-history":[{"count":1,"href":"https:\/\/lodehoyrd.com\/index.php?rest_route=\/wp\/v2\/posts\/907\/revisions"}],"predecessor-version":[{"id":909,"href":"https:\/\/lodehoyrd.com\/index.php?rest_route=\/wp\/v2\/posts\/907\/revisions\/909"}],"wp:featuredmedia":[{"embeddable":true,"href":"https:\/\/lodehoyrd.com\/index.php?rest_route=\/wp\/v2\/media\/908"}],"wp:attachment":[{"href":"https:\/\/lodehoyrd.com\/index.php?rest_route=%2Fwp%2Fv2%2Fmedia&parent=907"}],"wp:term":[{"taxonomy":"category","embeddable":true,"href":"https:\/\/lodehoyrd.com\/index.php?rest_route=%2Fwp%2Fv2%2Fcategories&post=907"},{"taxonomy":"post_tag","embeddable":true,"href":"https:\/\/lodehoyrd.com\/index.php?rest_route=%2Fwp%2Fv2%2Ftags&post=907"}],"curies":[{"name":"wp","href":"https:\/\/api.w.org\/{rel}","templated":true}]}}