{"id":903,"date":"2026-05-01T15:13:14","date_gmt":"2026-05-01T19:13:14","guid":{"rendered":"https:\/\/lodehoyrd.com\/?p=903"},"modified":"2026-05-01T15:13:15","modified_gmt":"2026-05-01T19:13:15","slug":"victor-terrero-llama-al-pueblo-a-sumarse-a-la-movilizacion-contra-la-explotacion-minera-en-san-juan","status":"publish","type":"post","link":"https:\/\/lodehoyrd.com\/?p=903","title":{"rendered":"V\u00edctor Terrero llama al pueblo a sumarse a la movilizaci\u00f3n contra la explotaci\u00f3n minera en San Juan"},"content":{"rendered":"\n<p><\/p>\n\n\n\n<p>BARAHONA-El miembro del Comit\u00e9 Central del Partido de la Liberaci\u00f3n Dominicana (PLD), doctor V\u00edctor Manuel Terrero, manifest\u00f3 hoy su firme rechazo a los estudios t\u00e9cnicos que la empresa Gold Quest Mining pretende ejecutar en la provincia de San Juan, advirtiendo sobre las consecuencias irreversibles de la megaminer\u00eda en la zona.<\/p>\n\n\n\n<p>Para el exlegislador, cualquier intento de intervenir la Cordillera Central mediante este proyecto minero representa una sentencia de muerte para el f\u00e9rtil Valle de San Juan.<\/p>\n\n\n\n<p>El exdirector del Consejo para el VIH y Sida (CONAVIHSIDA)asegur\u00f3 que la prioridad del Estado debe ser la protecci\u00f3n de los recursos naturales y no la entrega de la soberan\u00eda ecol\u00f3gica a intereses extranjeros.<\/p>\n\n\n\n<p>Terrero destac\u00f3 que la agricultura y la pesca, pilares fundamentales de la econom\u00eda y la subsistencia en la regi\u00f3n sur, llegar\u00edan a su fin si se permite la explotaci\u00f3n del proyecto Romero.<\/p>\n\n\n\n<p>Seg\u00fan explic\u00f3, la contaminaci\u00f3n de las fuentes acu\u00edferas destruir\u00eda d\u00e9cadas de tradici\u00f3n productiva y seguridad alimentaria.<\/p>\n\n\n\n<p>Adem\u00e1s, manifest\u00f3 que esa miner\u00eda se llevar\u00eda de paso a la presa de Monte Grande y nos joderia\u201d a toda la regi\u00f3n Enriquillo.<\/p>\n\n\n\n<p>El dirigente pol\u00edtico se\u00f1al\u00f3 que el agua es el recurso m\u00e1s valioso de la provincia y que su compromiso es con las futuras generaciones.<\/p>\n\n\n\n<p>Advirti\u00f3 que los residuos qu\u00edmicos propios de la miner\u00eda a gran escala impactar\u00edan directamente en la presa de Sabaneta, comprometiendo el riego y el consumo humano.<\/p>\n\n\n\n<p>En ese sentido, Terrero hizo un en\u00e9rgico llamado a todos los sectores de la sociedad dominicana para que se unan a la lucha en defensa del medio ambiente.<\/p>\n\n\n\n<p>Subray\u00f3 que esta no es solo una batalla de los sanjuaneros, sino de todo un pa\u00eds que valora su patrimonio h\u00eddrico y su salud p\u00fablica.<\/p>\n\n\n\n<p>Como acci\u00f3n inmediata, el doctor inst\u00f3 a la ciudadan\u00eda a sumarse masivamente a la manifestaci\u00f3n que se llevar\u00e1 a cabo este domingo en San Juan de la Maguana.<\/p>\n\n\n\n<p>El objetivo de esta movilizaci\u00f3n es enviar un mensaje contundente al Gobierno y a la empresa Gold Quest sobre el rechazo total a la explotaci\u00f3n.<\/p>\n\n\n\n<p>Manifest\u00f3 que la presencia de miles de dominicanos en las calles ser\u00e1 la mejor evidencia de que el pueblo no est\u00e1 dispuesto a canjear su oro azul, el agua, por el oro met\u00e1lico que solo beneficia a unos pocos.<\/p>\n\n\n\n<p>El dirigente peledeista, reiter\u00f3 que la vigilancia ciudadana es la \u00fanica garant\u00eda para frenar estos planes extractivistas.<\/p>\n\n\n\n<p>Finalmente, el doctor V\u00edctor Manuel Terrero reafirm\u00f3 su compromiso inquebrantable con la preservaci\u00f3n del Valle de San Juan, asegurando que se mantendr\u00e1 en pie de lucha hasta que se desestime definitivamente cualquier intenci\u00f3n de explotar el proyecto minero Romero en la regi\u00f3n.<\/p>\n","protected":false},"excerpt":{"rendered":"<p>BARAHONA-El miembro del Comit\u00e9 Central del Partido de la Liberaci\u00f3n Dominicana (PLD), doctor V\u00edctor Manuel Terrero, manifest\u00f3 hoy su firme rechazo a los estudios t\u00e9cnicos que la empresa Gold Quest Mining pretende ejecutar en la provincia de San Juan, advirtiendo sobre las consecuencias irreversibles de la megaminer\u00eda en la zona. Para el exlegislador, cualquier intento&#8230;<\/p>\n","protected":false},"author":1,"featured_media":904,"comment_status":"open","ping_status":"open","sticky":false,"template":"","format":"standard","meta":{"footnotes":""},"categories":[3],"tags":[],"class_list":["post-903","post","type-post","status-publish","format-standard","has-post-thumbnail","hentry","category-nacionales"],"yoast_head":"<!-- This site is optimized with the Yoast SEO plugin v27.4 - https:\/\/yoast.com\/product\/yoast-seo-wordpress\/ -->\n<title>V\u00edctor Terrero llama al pueblo a sumarse a la movilizaci\u00f3n contra la explotaci\u00f3n minera en San Juan - LODEHOYRD.COM<\/title>\n<meta name=\"robots\" content=\"index, follow, max-snippet:-1, max-image-preview:large, max-video-preview:-1\" \/>\n<link rel=\"canonical\" href=\"https:\/\/lodehoyrd.com\/?p=903\" \/>\n<meta property=\"og:locale\" content=\"es_ES\" \/>\n<meta property=\"og:type\" content=\"article\" \/>\n<meta property=\"og:title\" content=\"V\u00edctor Terrero llama al pueblo a sumarse a la movilizaci\u00f3n contra la explotaci\u00f3n minera en San Juan - LODEHOYRD.COM\" \/>\n<meta property=\"og:description\" content=\"BARAHONA-El miembro del Comit\u00e9 Central del Partido de la Liberaci\u00f3n Dominicana (PLD), doctor V\u00edctor Manuel Terrero, manifest\u00f3 hoy su firme rechazo a los estudios t\u00e9cnicos que la empresa Gold Quest Mining pretende ejecutar en la provincia de San Juan, advirtiendo sobre las consecuencias irreversibles de la megaminer\u00eda en la zona. Para el exlegislador, cualquier intento...\" \/>\n<meta property=\"og:url\" content=\"https:\/\/lodehoyrd.com\/?p=903\" \/>\n<meta property=\"og:site_name\" content=\"LODEHOYRD.COM\" \/>\n<meta property=\"article:publisher\" content=\"https:\/\/www.facebook.com\/lodeoyrd\/\" \/>\n<meta property=\"article:published_time\" content=\"2026-05-01T19:13:14+00:00\" \/>\n<meta property=\"article:modified_time\" content=\"2026-05-01T19:13:15+00:00\" \/>\n<meta property=\"og:image\" content=\"https:\/\/lodehoyrd.com\/wp-content\/uploads\/2026\/05\/WhatsApp-Image-2026-05-01-at-9.11.44-AM.jpeg\" \/>\n\t<meta property=\"og:image:width\" content=\"763\" \/>\n\t<meta property=\"og:image:height\" content=\"689\" \/>\n\t<meta property=\"og:image:type\" content=\"image\/jpeg\" \/>\n<meta name=\"author\" content=\"estebandelarosa2820@gmail.com\" \/>\n<meta name=\"twitter:card\" content=\"summary_large_image\" \/>\n<meta name=\"twitter:creator\" content=\"@PatriotasDom\" \/>\n<meta name=\"twitter:site\" content=\"@PatriotasDom\" \/>\n<meta name=\"twitter:label1\" content=\"Written by\" \/>\n\t<meta name=\"twitter:data1\" content=\"estebandelarosa2820@gmail.com\" \/>\n\t<meta name=\"twitter:label2\" content=\"Est. reading time\" \/>\n\t<meta name=\"twitter:data2\" content=\"3 minutos\" \/>\n<!-- \/ Yoast SEO plugin. -->","yoast_head_json":{"title":"V\u00edctor Terrero llama al pueblo a sumarse a la movilizaci\u00f3n contra la explotaci\u00f3n minera en San Juan - LODEHOYRD.COM","robots":{"index":"index","follow":"follow","max-snippet":"max-snippet:-1","max-image-preview":"max-image-preview:large","max-video-preview":"max-video-preview:-1"},"canonical":"https:\/\/lodehoyrd.com\/?p=903","og_locale":"es_ES","og_type":"article","og_title":"V\u00edctor Terrero llama al pueblo a sumarse a la movilizaci\u00f3n contra la explotaci\u00f3n minera en San Juan - LODEHOYRD.COM","og_description":"BARAHONA-El miembro del Comit\u00e9 Central del Partido de la Liberaci\u00f3n Dominicana (PLD), doctor V\u00edctor Manuel Terrero, manifest\u00f3 hoy su firme rechazo a los estudios t\u00e9cnicos que la empresa Gold Quest Mining pretende ejecutar en la provincia de San Juan, advirtiendo sobre las consecuencias irreversibles de la megaminer\u00eda en la zona. Para el exlegislador, cualquier intento...","og_url":"https:\/\/lodehoyrd.com\/?p=903","og_site_name":"LODEHOYRD.COM","article_publisher":"https:\/\/www.facebook.com\/lodeoyrd\/","article_published_time":"2026-05-01T19:13:14+00:00","article_modified_time":"2026-05-01T19:13:15+00:00","og_image":[{"width":763,"height":689,"url":"https:\/\/lodehoyrd.com\/wp-content\/uploads\/2026\/05\/WhatsApp-Image-2026-05-01-at-9.11.44-AM.jpeg","type":"image\/jpeg"}],"author":"estebandelarosa2820@gmail.com","twitter_card":"summary_large_image","twitter_creator":"@PatriotasDom","twitter_site":"@PatriotasDom","twitter_misc":{"Written by":"estebandelarosa2820@gmail.com","Est. reading time":"3 minutos"},"schema":{"@context":"https:\/\/schema.org","@graph":[{"@type":"Article","@id":"https:\/\/lodehoyrd.com\/?p=903#article","isPartOf":{"@id":"https:\/\/lodehoyrd.com\/?p=903"},"author":{"name":"estebandelarosa2820@gmail.com","@id":"https:\/\/lodehoyrd.com\/#\/schema\/person\/080cec02e9cd72318c5b8c215402abd7"},"headline":"V\u00edctor Terrero llama al pueblo a sumarse a la movilizaci\u00f3n contra la explotaci\u00f3n minera en San Juan","datePublished":"2026-05-01T19:13:14+00:00","dateModified":"2026-05-01T19:13:15+00:00","mainEntityOfPage":{"@id":"https:\/\/lodehoyrd.com\/?p=903"},"wordCount":499,"commentCount":0,"publisher":{"@id":"https:\/\/lodehoyrd.com\/#organization"},"image":{"@id":"https:\/\/lodehoyrd.com\/?p=903#primaryimage"},"thumbnailUrl":"https:\/\/lodehoyrd.com\/wp-content\/uploads\/2026\/05\/WhatsApp-Image-2026-05-01-at-9.11.44-AM.jpeg","articleSection":["NACIONALES"],"inLanguage":"es-DO","potentialAction":[{"@type":"CommentAction","name":"Comment","target":["https:\/\/lodehoyrd.com\/?p=903#respond"]}]},{"@type":"WebPage","@id":"https:\/\/lodehoyrd.com\/?p=903","url":"https:\/\/lodehoyrd.com\/?p=903","name":"V\u00edctor Terrero llama al pueblo a sumarse a la movilizaci\u00f3n contra la explotaci\u00f3n minera en San Juan - LODEHOYRD.COM","isPartOf":{"@id":"https:\/\/lodehoyrd.com\/#website"},"primaryImageOfPage":{"@id":"https:\/\/lodehoyrd.com\/?p=903#primaryimage"},"image":{"@id":"https:\/\/lodehoyrd.com\/?p=903#primaryimage"},"thumbnailUrl":"https:\/\/lodehoyrd.com\/wp-content\/uploads\/2026\/05\/WhatsApp-Image-2026-05-01-at-9.11.44-AM.jpeg","datePublished":"2026-05-01T19:13:14+00:00","dateModified":"2026-05-01T19:13:15+00:00","breadcrumb":{"@id":"https:\/\/lodehoyrd.com\/?p=903#breadcrumb"},"inLanguage":"es-DO","potentialAction":[{"@type":"ReadAction","target":["https:\/\/lodehoyrd.com\/?p=903"]}]},{"@type":"ImageObject","inLanguage":"es-DO","@id":"https:\/\/lodehoyrd.com\/?p=903#primaryimage","url":"https:\/\/lodehoyrd.com\/wp-content\/uploads\/2026\/05\/WhatsApp-Image-2026-05-01-at-9.11.44-AM.jpeg","contentUrl":"https:\/\/lodehoyrd.com\/wp-content\/uploads\/2026\/05\/WhatsApp-Image-2026-05-01-at-9.11.44-AM.jpeg","width":763,"height":689},{"@type":"BreadcrumbList","@id":"https:\/\/lodehoyrd.com\/?p=903#breadcrumb","itemListElement":[{"@type":"ListItem","position":1,"name":"Home","item":"https:\/\/lodehoyrd.com\/"},{"@type":"ListItem","position":2,"name":"V\u00edctor Terrero llama al pueblo a sumarse a la movilizaci\u00f3n contra la explotaci\u00f3n minera en San Juan"}]},{"@type":"WebSite","@id":"https:\/\/lodehoyrd.com\/#website","url":"https:\/\/lodehoyrd.com\/","name":"LODEHOYRD.COM","description":"INFORMACION ACTUAL Y VERAZ ","publisher":{"@id":"https:\/\/lodehoyrd.com\/#organization"},"potentialAction":[{"@type":"SearchAction","target":{"@type":"EntryPoint","urlTemplate":"https:\/\/lodehoyrd.com\/?s={search_term_string}"},"query-input":{"@type":"PropertyValueSpecification","valueRequired":true,"valueName":"search_term_string"}}],"inLanguage":"es-DO"},{"@type":"Organization","@id":"https:\/\/lodehoyrd.com\/#organization","name":"LODEHOYRD","url":"https:\/\/lodehoyrd.com\/","logo":{"@type":"ImageObject","inLanguage":"es-DO","@id":"https:\/\/lodehoyrd.com\/#\/schema\/logo\/image\/","url":"https:\/\/lodehoyrd.com\/wp-content\/uploads\/2026\/01\/cropped-587839248_1764678434311177_7454960250106730443_n.jpg","contentUrl":"https:\/\/lodehoyrd.com\/wp-content\/uploads\/2026\/01\/cropped-587839248_1764678434311177_7454960250106730443_n.jpg","width":512,"height":512,"caption":"LODEHOYRD"},"image":{"@id":"https:\/\/lodehoyrd.com\/#\/schema\/logo\/image\/"},"sameAs":["https:\/\/www.facebook.com\/lodeoyrd\/","https:\/\/x.com\/PatriotasDom","https:\/\/www.instagram.com\/lodehoyr\/","https:\/\/www.tiktok.com\/@lodehoyrd"]},{"@type":"Person","@id":"https:\/\/lodehoyrd.com\/#\/schema\/person\/080cec02e9cd72318c5b8c215402abd7","name":"estebandelarosa2820@gmail.com","image":{"@type":"ImageObject","inLanguage":"es-DO","@id":"https:\/\/secure.gravatar.com\/avatar\/cb4cce556556a7dd79eed4e5ff8c9cc5af640bad7cbcc06114b5f9300bb6f631?s=96&d=mm&r=g","url":"https:\/\/secure.gravatar.com\/avatar\/cb4cce556556a7dd79eed4e5ff8c9cc5af640bad7cbcc06114b5f9300bb6f631?s=96&d=mm&r=g","contentUrl":"https:\/\/secure.gravatar.com\/avatar\/cb4cce556556a7dd79eed4e5ff8c9cc5af640bad7cbcc06114b5f9300bb6f631?s=96&d=mm&r=g","caption":"estebandelarosa2820@gmail.com"},"sameAs":["https:\/\/lodehoyrd.com"],"url":"https:\/\/lodehoyrd.com\/?author=1"}]}},"_links":{"self":[{"href":"https:\/\/lodehoyrd.com\/index.php?rest_route=\/wp\/v2\/posts\/903","targetHints":{"allow":["GET"]}}],"collection":[{"href":"https:\/\/lodehoyrd.com\/index.php?rest_route=\/wp\/v2\/posts"}],"about":[{"href":"https:\/\/lodehoyrd.com\/index.php?rest_route=\/wp\/v2\/types\/post"}],"author":[{"embeddable":true,"href":"https:\/\/lodehoyrd.com\/index.php?rest_route=\/wp\/v2\/users\/1"}],"replies":[{"embeddable":true,"href":"https:\/\/lodehoyrd.com\/index.php?rest_route=%2Fwp%2Fv2%2Fcomments&post=903"}],"version-history":[{"count":1,"href":"https:\/\/lodehoyrd.com\/index.php?rest_route=\/wp\/v2\/posts\/903\/revisions"}],"predecessor-version":[{"id":905,"href":"https:\/\/lodehoyrd.com\/index.php?rest_route=\/wp\/v2\/posts\/903\/revisions\/905"}],"wp:featuredmedia":[{"embeddable":true,"href":"https:\/\/lodehoyrd.com\/index.php?rest_route=\/wp\/v2\/media\/904"}],"wp:attachment":[{"href":"https:\/\/lodehoyrd.com\/index.php?rest_route=%2Fwp%2Fv2%2Fmedia&parent=903"}],"wp:term":[{"taxonomy":"category","embeddable":true,"href":"https:\/\/lodehoyrd.com\/index.php?rest_route=%2Fwp%2Fv2%2Fcategories&post=903"},{"taxonomy":"post_tag","embeddable":true,"href":"https:\/\/lodehoyrd.com\/index.php?rest_route=%2Fwp%2Fv2%2Ftags&post=903"}],"curies":[{"name":"wp","href":"https:\/\/api.w.org\/{rel}","templated":true}]}}