{"id":887,"date":"2026-04-30T21:19:03","date_gmt":"2026-05-01T01:19:03","guid":{"rendered":"https:\/\/lodehoyrd.com\/?p=887"},"modified":"2026-04-30T21:19:03","modified_gmt":"2026-05-01T01:19:03","slug":"personas-con-discapacidad-visual-y-padres-de-ninos-con-tea-protestan-frente-al-palacio-nacional-por-reapertura-del-cecapci","status":"publish","type":"post","link":"https:\/\/lodehoyrd.com\/?p=887","title":{"rendered":"Personas con discapacidad visual y padres de ni\u00f1os con TEA protestan frente al Palacio Nacional por reapertura del CECAPCI"},"content":{"rendered":"\n<p><\/p>\n\n\n\n<p>Directora del CECAPCI denuncia dilaci\u00f3n del proceso y falta de garant\u00edas legales en propuesta presentada.<\/p>\n\n\n\n<p>Santo Domingo, Rep\u00fablica Dominicana \u2013 28 de abril de 2026.<\/p>\n\n\n\n<p>Personas con discapacidad visual, estudiantes y padres de ni\u00f1os con Trastorno del Espectro Autista (TEA), junto a familiares y miembros de la comunidad, iniciaron este martes una jornada de protesta pac\u00edfica por tiempo indefinido frente al Palacio Nacional, en demanda de una soluci\u00f3n formal, seria y sostenible que garantice la reapertura del Centro de Capacitaci\u00f3n para Ciegos (CECAPCI), instituci\u00f3n que lleva cuatro meses sin ofrecer sus servicios de manera regular.<\/p>\n\n\n\n<p>Los manifestantes expresaron su preocupaci\u00f3n debido a que, pese al tiempo transcurrido y a m\u00faltiples reuniones sostenidas con las autoridades, el proceso ha estado marcado por t\u00e1cticas dilatorias y compromisos verbales sin una soluci\u00f3n concretos. Se\u00f1alan que, en el \u00faltimo momento, las autoridades presentaron una propuesta que consideran totalmente inaceptable e inviable.<\/p>\n\n\n\n<p>Dicha propuesta contempla asumir el pago del local por un a\u00f1o y, para 2027, trasladar el financiamiento de la instituci\u00f3n desde el CONADIS hacia el Ministerio de Educaci\u00f3n, agregando un monto mayor al actualmente recibido para cubrir de forma permanente el alquiler.<\/p>\n\n\n\n<p>Sin embargo, explican que esta propuesta no constituye una soluci\u00f3n real, ya que las autoridades no pueden garantizar algo que no depende completamente de ellas. Destacan que los cambios de funcionarios dentro del gobierno podr\u00edan modificar cualquier compromiso verbal, lo que impide confiar en promesas que no est\u00e9n formalmente aseguradas.<\/p>\n\n\n\n<p>Asimismo, recordaron que la aprobaci\u00f3n de ese presupuesto no depende \u00fanicamente del Ministerio de Educaci\u00f3n, sino tambi\u00e9n del Centro Nacional de Fomento y Promoci\u00f3n de las Asociaciones Sin Fines de Lucro, la Direcci\u00f3n General de Presupuesto y, posteriormente, del Congreso Nacional, entidades que pueden aprobar, reducir, modificar o rechazar cualquier partida presupuestaria.<\/p>\n\n\n\n<p>A\u00f1adieron que, aun en caso de aprobarse un presupuesto significativo, la Ley 122-05 que regula las asociaciones sin fines de lucro solo permite destinar un 20 % a gastos administrativos, lo que hace inviable cubrir el costo real del local, especialmente ante los aumentos anuales de la renta.<\/p>\n\n\n\n<p>Precisamente por esta limitaci\u00f3n legal, durante a\u00f1os el local fue sostenido con fondos propios de los miembros fundadores del centro, quienes realizaron grandes sacrificios personales para mantener en funcionamiento una instituci\u00f3n que hoy representa una necesidad vital para cientos de familias.<\/p>\n\n\n\n<p>\u201cNo se trata de vender sue\u00f1os ni de ofrecer propuestas atractivas a largo plazo. Nuestra prioridad siempre ha sido y seguir\u00e1 siendo la discapacidad, la inclusi\u00f3n y la estabilidad de los servicios que reciben estas familias. Por eso consideramos que esta propuesta es inaceptable\u201d, expresaron los manifestantes.<\/p>\n\n\n\n<p>Recordaron que el CECAPCI tuvo que cerrar de manera urgente debido al grave deterioro estructural del local donde operaba, el cual se encontraba y a\u00fan se encuentra al borde del colapso, representando un riesgo para estudiantes, usuarios, docentes y personal administrativo.<\/p>\n\n\n\n<p>La directora del centro, Ana Garc\u00eda, inform\u00f3 que el pasado 13 de marzo sostuvo una reuni\u00f3n con el ministro de Educaci\u00f3n, quien manifest\u00f3 su disposici\u00f3n de colaborar en la b\u00fasqueda de una soluci\u00f3n.<\/p>\n\n\n\n<p>\u201cNo dudamos de la buena intenci\u00f3n del se\u00f1or ministro; sin embargo, el proceso ha sido dilatado y, en lugar de una soluci\u00f3n formal, se nos presenta una propuesta que no resuelve el problema de fondo ni garantiza la estabilidad futura del centro\u201d, explic\u00f3 Garc\u00eda.<\/p>\n\n\n\n<p>Aclar\u00f3 que la protesta no tiene fines pol\u00edticos ni busca presionar o afectar la gesti\u00f3n de ninguna autoridad, sino responder a la urgente necesidad que existe en Santiago y toda la regi\u00f3n del Cibao de contar con este centro especializado.<\/p>\n\n\n\n<p>Protesta organizada por tiempo indefinido<br>Los manifestantes explicaron que esta protesta ser\u00e1 por tiempo indefinido, bajo sol, agua y sereno, y que no saben cu\u00e1nto tiempo tendr\u00e1n que permanecer all\u00ed hasta obtener una respuesta concreta.<\/p>\n\n\n\n<p>La jornada de protesta inici\u00f3 con 20 manifestantes, como parte de una estrategia organizada para sostener la permanencia de la lucha sin agotar los recursos humanos y f\u00edsicos del colectivo. Durante esta semana permanecer\u00e1 este primer grupo, que luego ser\u00e1 relevado por otros 20 participantes en la siguiente, y as\u00ed sucesivamente.<\/p>\n\n\n\n<p>\u201cEsto no significa que somos pocos, sino que estamos organizados para resistir el tiempo que sea necesario. Ya en otras ocasiones hemos sostenido jornadas de protesta de m\u00e1s de 67 d\u00edas y sabemos lo que implica sostener una lucha de esta magnitud\u201d, afirmaron.<\/p>\n\n\n\n<p>Un centro clave para la inclusi\u00f3n en el Cibao<br>El CECAPCI atiende estudiantes de m\u00e1s de la mitad de los diez distritos educativos que conforman la Regional 08 del Ministerio de Educaci\u00f3n, as\u00ed como de otras regionales del pa\u00eds. Adem\u00e1s, brinda servicios al personal docente, incluyendo apoyo a maestros con situaciones emocionales derivadas del estr\u00e9s laboral, y a empleados administrativos del Ministerio de Educaci\u00f3n.<\/p>\n\n\n\n<p>Asimismo, es el \u00fanico centro en toda la regi\u00f3n del Cibao que ofrece evaluaciones psicol\u00f3gicas especializadas y atenci\u00f3n integral gratuita para personas con discapacidad visual y otras condiciones, lo que lo convierte en una instituci\u00f3n esencial para la inclusi\u00f3n educativa y social.<br>Impacto en estudiantes y familias<br>Entre las consecuencias m\u00e1s graves del cierre, los manifestantes se\u00f1alaron el retroceso significativo que han mostrado muchos ni\u00f1os en el aprendizaje, la conducta, el desarrollo del lenguaje y los procesos terap\u00e9uticos, especialmente en terapia del habla. Algunos padres incluso han sido notificados de que sus hijos podr\u00edan repetir el a\u00f1o escolar.<\/p>\n\n\n\n<p>Tambi\u00e9n denunciaron que, ante la falta de funcionamiento del centro, muchos docentes han tenido que trasladarse a las viviendas de estudiantes con discapacidad visual para continuar el pr.oceso educativo y evitar mayores atrasos en su formaci\u00f3n acad\u00e9mica.<\/p>\n\n\n\n<p>Llaman a una soluci\u00f3n definitiva<br>\u201cNo podemos permitir m\u00e1s abandono. Aqu\u00ed estaremos hasta obtener una respuesta definitiva, concreta y responsable. CECAPCI representa esperanza, inclusi\u00f3n y oportunidades para cientos de familias que hoy se sienten desamparadas\u201d, concluyeron los manifestantes.<\/p>\n\n\n\n<p>La jornada de protesta continuar\u00e1 de manera indefinida hasta que el Gobierno y el Ministerio de Educaci\u00f3n presenten una soluci\u00f3n formal que garantice la continuidad de los servicios y la permanencia de esta instituci\u00f3n indispensable para la poblaci\u00f3n m\u00e1s vulnerable.<\/p>\n","protected":false},"excerpt":{"rendered":"<p>Directora del CECAPCI denuncia dilaci\u00f3n del proceso y falta de garant\u00edas legales en propuesta presentada. Santo Domingo, Rep\u00fablica Dominicana \u2013 28 de abril de 2026. Personas con discapacidad visual, estudiantes y padres de ni\u00f1os con Trastorno del Espectro Autista (TEA), junto a familiares y miembros de la comunidad, iniciaron este martes una jornada de protesta&#8230;<\/p>\n","protected":false},"author":1,"featured_media":888,"comment_status":"open","ping_status":"open","sticky":false,"template":"","format":"standard","meta":{"footnotes":""},"categories":[3],"tags":[],"class_list":["post-887","post","type-post","status-publish","format-standard","has-post-thumbnail","hentry","category-nacionales"],"yoast_head":"<!-- This site is optimized with the Yoast SEO plugin v27.4 - https:\/\/yoast.com\/product\/yoast-seo-wordpress\/ -->\n<title>Personas con discapacidad visual y padres de ni\u00f1os con TEA protestan frente al Palacio Nacional por reapertura del CECAPCI - LODEHOYRD.COM<\/title>\n<meta name=\"robots\" content=\"index, follow, max-snippet:-1, max-image-preview:large, max-video-preview:-1\" \/>\n<link rel=\"canonical\" href=\"https:\/\/lodehoyrd.com\/?p=887\" \/>\n<meta property=\"og:locale\" content=\"es_ES\" \/>\n<meta property=\"og:type\" content=\"article\" \/>\n<meta property=\"og:title\" content=\"Personas con discapacidad visual y padres de ni\u00f1os con TEA protestan frente al Palacio Nacional por reapertura del CECAPCI - LODEHOYRD.COM\" \/>\n<meta property=\"og:description\" content=\"Directora del CECAPCI denuncia dilaci\u00f3n del proceso y falta de garant\u00edas legales en propuesta presentada. Santo Domingo, Rep\u00fablica Dominicana \u2013 28 de abril de 2026. Personas con discapacidad visual, estudiantes y padres de ni\u00f1os con Trastorno del Espectro Autista (TEA), junto a familiares y miembros de la comunidad, iniciaron este martes una jornada de protesta...\" \/>\n<meta property=\"og:url\" content=\"https:\/\/lodehoyrd.com\/?p=887\" \/>\n<meta property=\"og:site_name\" content=\"LODEHOYRD.COM\" \/>\n<meta property=\"article:publisher\" content=\"https:\/\/www.facebook.com\/lodeoyrd\/\" \/>\n<meta property=\"article:published_time\" content=\"2026-05-01T01:19:03+00:00\" \/>\n<meta property=\"og:image\" content=\"https:\/\/lodehoyrd.com\/wp-content\/uploads\/2026\/04\/hsdfkjmshfzmjksyhjy.png\" \/>\n\t<meta property=\"og:image:width\" content=\"343\" \/>\n\t<meta property=\"og:image:height\" content=\"202\" \/>\n\t<meta property=\"og:image:type\" content=\"image\/png\" \/>\n<meta name=\"author\" content=\"estebandelarosa2820@gmail.com\" \/>\n<meta name=\"twitter:card\" content=\"summary_large_image\" \/>\n<meta name=\"twitter:creator\" content=\"@PatriotasDom\" \/>\n<meta name=\"twitter:site\" content=\"@PatriotasDom\" \/>\n<meta name=\"twitter:label1\" content=\"Written by\" \/>\n\t<meta name=\"twitter:data1\" content=\"estebandelarosa2820@gmail.com\" \/>\n\t<meta name=\"twitter:label2\" content=\"Est. reading time\" \/>\n\t<meta name=\"twitter:data2\" content=\"5 minutos\" \/>\n<script type=\"application\/ld+json\" class=\"yoast-schema-graph\">{\"@context\":\"https:\\\/\\\/schema.org\",\"@graph\":[{\"@type\":\"Article\",\"@id\":\"https:\\\/\\\/lodehoyrd.com\\\/?p=887#article\",\"isPartOf\":{\"@id\":\"https:\\\/\\\/lodehoyrd.com\\\/?p=887\"},\"author\":{\"name\":\"estebandelarosa2820@gmail.com\",\"@id\":\"https:\\\/\\\/lodehoyrd.com\\\/#\\\/schema\\\/person\\\/080cec02e9cd72318c5b8c215402abd7\"},\"headline\":\"Personas con discapacidad visual y padres de ni\u00f1os con TEA protestan frente al Palacio Nacional por reapertura del CECAPCI\",\"datePublished\":\"2026-05-01T01:19:03+00:00\",\"mainEntityOfPage\":{\"@id\":\"https:\\\/\\\/lodehoyrd.com\\\/?p=887\"},\"wordCount\":1076,\"commentCount\":0,\"publisher\":{\"@id\":\"https:\\\/\\\/lodehoyrd.com\\\/#organization\"},\"image\":{\"@id\":\"https:\\\/\\\/lodehoyrd.com\\\/?p=887#primaryimage\"},\"thumbnailUrl\":\"https:\\\/\\\/lodehoyrd.com\\\/wp-content\\\/uploads\\\/2026\\\/04\\\/hsdfkjmshfzmjksyhjy.png\",\"articleSection\":[\"NACIONALES\"],\"inLanguage\":\"es-DO\",\"potentialAction\":[{\"@type\":\"CommentAction\",\"name\":\"Comment\",\"target\":[\"https:\\\/\\\/lodehoyrd.com\\\/?p=887#respond\"]}]},{\"@type\":\"WebPage\",\"@id\":\"https:\\\/\\\/lodehoyrd.com\\\/?p=887\",\"url\":\"https:\\\/\\\/lodehoyrd.com\\\/?p=887\",\"name\":\"Personas con discapacidad visual y padres de ni\u00f1os con TEA protestan frente al Palacio Nacional por reapertura del CECAPCI - LODEHOYRD.COM\",\"isPartOf\":{\"@id\":\"https:\\\/\\\/lodehoyrd.com\\\/#website\"},\"primaryImageOfPage\":{\"@id\":\"https:\\\/\\\/lodehoyrd.com\\\/?p=887#primaryimage\"},\"image\":{\"@id\":\"https:\\\/\\\/lodehoyrd.com\\\/?p=887#primaryimage\"},\"thumbnailUrl\":\"https:\\\/\\\/lodehoyrd.com\\\/wp-content\\\/uploads\\\/2026\\\/04\\\/hsdfkjmshfzmjksyhjy.png\",\"datePublished\":\"2026-05-01T01:19:03+00:00\",\"breadcrumb\":{\"@id\":\"https:\\\/\\\/lodehoyrd.com\\\/?p=887#breadcrumb\"},\"inLanguage\":\"es-DO\",\"potentialAction\":[{\"@type\":\"ReadAction\",\"target\":[\"https:\\\/\\\/lodehoyrd.com\\\/?p=887\"]}]},{\"@type\":\"ImageObject\",\"inLanguage\":\"es-DO\",\"@id\":\"https:\\\/\\\/lodehoyrd.com\\\/?p=887#primaryimage\",\"url\":\"https:\\\/\\\/lodehoyrd.com\\\/wp-content\\\/uploads\\\/2026\\\/04\\\/hsdfkjmshfzmjksyhjy.png\",\"contentUrl\":\"https:\\\/\\\/lodehoyrd.com\\\/wp-content\\\/uploads\\\/2026\\\/04\\\/hsdfkjmshfzmjksyhjy.png\",\"width\":343,\"height\":202},{\"@type\":\"BreadcrumbList\",\"@id\":\"https:\\\/\\\/lodehoyrd.com\\\/?p=887#breadcrumb\",\"itemListElement\":[{\"@type\":\"ListItem\",\"position\":1,\"name\":\"Home\",\"item\":\"https:\\\/\\\/lodehoyrd.com\\\/\"},{\"@type\":\"ListItem\",\"position\":2,\"name\":\"Personas con discapacidad visual y padres de ni\u00f1os con TEA protestan frente al Palacio Nacional por reapertura del CECAPCI\"}]},{\"@type\":\"WebSite\",\"@id\":\"https:\\\/\\\/lodehoyrd.com\\\/#website\",\"url\":\"https:\\\/\\\/lodehoyrd.com\\\/\",\"name\":\"LODEHOYRD.COM\",\"description\":\"INFORMACION ACTUAL Y VERAZ \",\"publisher\":{\"@id\":\"https:\\\/\\\/lodehoyrd.com\\\/#organization\"},\"potentialAction\":[{\"@type\":\"SearchAction\",\"target\":{\"@type\":\"EntryPoint\",\"urlTemplate\":\"https:\\\/\\\/lodehoyrd.com\\\/?s={search_term_string}\"},\"query-input\":{\"@type\":\"PropertyValueSpecification\",\"valueRequired\":true,\"valueName\":\"search_term_string\"}}],\"inLanguage\":\"es-DO\"},{\"@type\":\"Organization\",\"@id\":\"https:\\\/\\\/lodehoyrd.com\\\/#organization\",\"name\":\"LODEHOYRD\",\"url\":\"https:\\\/\\\/lodehoyrd.com\\\/\",\"logo\":{\"@type\":\"ImageObject\",\"inLanguage\":\"es-DO\",\"@id\":\"https:\\\/\\\/lodehoyrd.com\\\/#\\\/schema\\\/logo\\\/image\\\/\",\"url\":\"https:\\\/\\\/lodehoyrd.com\\\/wp-content\\\/uploads\\\/2026\\\/01\\\/cropped-587839248_1764678434311177_7454960250106730443_n.jpg\",\"contentUrl\":\"https:\\\/\\\/lodehoyrd.com\\\/wp-content\\\/uploads\\\/2026\\\/01\\\/cropped-587839248_1764678434311177_7454960250106730443_n.jpg\",\"width\":512,\"height\":512,\"caption\":\"LODEHOYRD\"},\"image\":{\"@id\":\"https:\\\/\\\/lodehoyrd.com\\\/#\\\/schema\\\/logo\\\/image\\\/\"},\"sameAs\":[\"https:\\\/\\\/www.facebook.com\\\/lodeoyrd\\\/\",\"https:\\\/\\\/x.com\\\/PatriotasDom\",\"https:\\\/\\\/www.instagram.com\\\/lodehoyr\\\/\",\"https:\\\/\\\/www.tiktok.com\\\/@lodehoyrd\"]},{\"@type\":\"Person\",\"@id\":\"https:\\\/\\\/lodehoyrd.com\\\/#\\\/schema\\\/person\\\/080cec02e9cd72318c5b8c215402abd7\",\"name\":\"estebandelarosa2820@gmail.com\",\"image\":{\"@type\":\"ImageObject\",\"inLanguage\":\"es-DO\",\"@id\":\"https:\\\/\\\/secure.gravatar.com\\\/avatar\\\/cb4cce556556a7dd79eed4e5ff8c9cc5af640bad7cbcc06114b5f9300bb6f631?s=96&d=mm&r=g\",\"url\":\"https:\\\/\\\/secure.gravatar.com\\\/avatar\\\/cb4cce556556a7dd79eed4e5ff8c9cc5af640bad7cbcc06114b5f9300bb6f631?s=96&d=mm&r=g\",\"contentUrl\":\"https:\\\/\\\/secure.gravatar.com\\\/avatar\\\/cb4cce556556a7dd79eed4e5ff8c9cc5af640bad7cbcc06114b5f9300bb6f631?s=96&d=mm&r=g\",\"caption\":\"estebandelarosa2820@gmail.com\"},\"sameAs\":[\"https:\\\/\\\/lodehoyrd.com\"],\"url\":\"https:\\\/\\\/lodehoyrd.com\\\/?author=1\"}]}<\/script>\n<!-- \/ Yoast SEO plugin. -->","yoast_head_json":{"title":"Personas con discapacidad visual y padres de ni\u00f1os con TEA protestan frente al Palacio Nacional por reapertura del CECAPCI - LODEHOYRD.COM","robots":{"index":"index","follow":"follow","max-snippet":"max-snippet:-1","max-image-preview":"max-image-preview:large","max-video-preview":"max-video-preview:-1"},"canonical":"https:\/\/lodehoyrd.com\/?p=887","og_locale":"es_ES","og_type":"article","og_title":"Personas con discapacidad visual y padres de ni\u00f1os con TEA protestan frente al Palacio Nacional por reapertura del CECAPCI - LODEHOYRD.COM","og_description":"Directora del CECAPCI denuncia dilaci\u00f3n del proceso y falta de garant\u00edas legales en propuesta presentada. Santo Domingo, Rep\u00fablica Dominicana \u2013 28 de abril de 2026. Personas con discapacidad visual, estudiantes y padres de ni\u00f1os con Trastorno del Espectro Autista (TEA), junto a familiares y miembros de la comunidad, iniciaron este martes una jornada de protesta...","og_url":"https:\/\/lodehoyrd.com\/?p=887","og_site_name":"LODEHOYRD.COM","article_publisher":"https:\/\/www.facebook.com\/lodeoyrd\/","article_published_time":"2026-05-01T01:19:03+00:00","og_image":[{"width":343,"height":202,"url":"https:\/\/lodehoyrd.com\/wp-content\/uploads\/2026\/04\/hsdfkjmshfzmjksyhjy.png","type":"image\/png"}],"author":"estebandelarosa2820@gmail.com","twitter_card":"summary_large_image","twitter_creator":"@PatriotasDom","twitter_site":"@PatriotasDom","twitter_misc":{"Written by":"estebandelarosa2820@gmail.com","Est. reading time":"5 minutos"},"schema":{"@context":"https:\/\/schema.org","@graph":[{"@type":"Article","@id":"https:\/\/lodehoyrd.com\/?p=887#article","isPartOf":{"@id":"https:\/\/lodehoyrd.com\/?p=887"},"author":{"name":"estebandelarosa2820@gmail.com","@id":"https:\/\/lodehoyrd.com\/#\/schema\/person\/080cec02e9cd72318c5b8c215402abd7"},"headline":"Personas con discapacidad visual y padres de ni\u00f1os con TEA protestan frente al Palacio Nacional por reapertura del CECAPCI","datePublished":"2026-05-01T01:19:03+00:00","mainEntityOfPage":{"@id":"https:\/\/lodehoyrd.com\/?p=887"},"wordCount":1076,"commentCount":0,"publisher":{"@id":"https:\/\/lodehoyrd.com\/#organization"},"image":{"@id":"https:\/\/lodehoyrd.com\/?p=887#primaryimage"},"thumbnailUrl":"https:\/\/lodehoyrd.com\/wp-content\/uploads\/2026\/04\/hsdfkjmshfzmjksyhjy.png","articleSection":["NACIONALES"],"inLanguage":"es-DO","potentialAction":[{"@type":"CommentAction","name":"Comment","target":["https:\/\/lodehoyrd.com\/?p=887#respond"]}]},{"@type":"WebPage","@id":"https:\/\/lodehoyrd.com\/?p=887","url":"https:\/\/lodehoyrd.com\/?p=887","name":"Personas con discapacidad visual y padres de ni\u00f1os con TEA protestan frente al Palacio Nacional por reapertura del CECAPCI - LODEHOYRD.COM","isPartOf":{"@id":"https:\/\/lodehoyrd.com\/#website"},"primaryImageOfPage":{"@id":"https:\/\/lodehoyrd.com\/?p=887#primaryimage"},"image":{"@id":"https:\/\/lodehoyrd.com\/?p=887#primaryimage"},"thumbnailUrl":"https:\/\/lodehoyrd.com\/wp-content\/uploads\/2026\/04\/hsdfkjmshfzmjksyhjy.png","datePublished":"2026-05-01T01:19:03+00:00","breadcrumb":{"@id":"https:\/\/lodehoyrd.com\/?p=887#breadcrumb"},"inLanguage":"es-DO","potentialAction":[{"@type":"ReadAction","target":["https:\/\/lodehoyrd.com\/?p=887"]}]},{"@type":"ImageObject","inLanguage":"es-DO","@id":"https:\/\/lodehoyrd.com\/?p=887#primaryimage","url":"https:\/\/lodehoyrd.com\/wp-content\/uploads\/2026\/04\/hsdfkjmshfzmjksyhjy.png","contentUrl":"https:\/\/lodehoyrd.com\/wp-content\/uploads\/2026\/04\/hsdfkjmshfzmjksyhjy.png","width":343,"height":202},{"@type":"BreadcrumbList","@id":"https:\/\/lodehoyrd.com\/?p=887#breadcrumb","itemListElement":[{"@type":"ListItem","position":1,"name":"Home","item":"https:\/\/lodehoyrd.com\/"},{"@type":"ListItem","position":2,"name":"Personas con discapacidad visual y padres de ni\u00f1os con TEA protestan frente al Palacio Nacional por reapertura del CECAPCI"}]},{"@type":"WebSite","@id":"https:\/\/lodehoyrd.com\/#website","url":"https:\/\/lodehoyrd.com\/","name":"LODEHOYRD.COM","description":"INFORMACION ACTUAL Y VERAZ ","publisher":{"@id":"https:\/\/lodehoyrd.com\/#organization"},"potentialAction":[{"@type":"SearchAction","target":{"@type":"EntryPoint","urlTemplate":"https:\/\/lodehoyrd.com\/?s={search_term_string}"},"query-input":{"@type":"PropertyValueSpecification","valueRequired":true,"valueName":"search_term_string"}}],"inLanguage":"es-DO"},{"@type":"Organization","@id":"https:\/\/lodehoyrd.com\/#organization","name":"LODEHOYRD","url":"https:\/\/lodehoyrd.com\/","logo":{"@type":"ImageObject","inLanguage":"es-DO","@id":"https:\/\/lodehoyrd.com\/#\/schema\/logo\/image\/","url":"https:\/\/lodehoyrd.com\/wp-content\/uploads\/2026\/01\/cropped-587839248_1764678434311177_7454960250106730443_n.jpg","contentUrl":"https:\/\/lodehoyrd.com\/wp-content\/uploads\/2026\/01\/cropped-587839248_1764678434311177_7454960250106730443_n.jpg","width":512,"height":512,"caption":"LODEHOYRD"},"image":{"@id":"https:\/\/lodehoyrd.com\/#\/schema\/logo\/image\/"},"sameAs":["https:\/\/www.facebook.com\/lodeoyrd\/","https:\/\/x.com\/PatriotasDom","https:\/\/www.instagram.com\/lodehoyr\/","https:\/\/www.tiktok.com\/@lodehoyrd"]},{"@type":"Person","@id":"https:\/\/lodehoyrd.com\/#\/schema\/person\/080cec02e9cd72318c5b8c215402abd7","name":"estebandelarosa2820@gmail.com","image":{"@type":"ImageObject","inLanguage":"es-DO","@id":"https:\/\/secure.gravatar.com\/avatar\/cb4cce556556a7dd79eed4e5ff8c9cc5af640bad7cbcc06114b5f9300bb6f631?s=96&d=mm&r=g","url":"https:\/\/secure.gravatar.com\/avatar\/cb4cce556556a7dd79eed4e5ff8c9cc5af640bad7cbcc06114b5f9300bb6f631?s=96&d=mm&r=g","contentUrl":"https:\/\/secure.gravatar.com\/avatar\/cb4cce556556a7dd79eed4e5ff8c9cc5af640bad7cbcc06114b5f9300bb6f631?s=96&d=mm&r=g","caption":"estebandelarosa2820@gmail.com"},"sameAs":["https:\/\/lodehoyrd.com"],"url":"https:\/\/lodehoyrd.com\/?author=1"}]}},"_links":{"self":[{"href":"https:\/\/lodehoyrd.com\/index.php?rest_route=\/wp\/v2\/posts\/887","targetHints":{"allow":["GET"]}}],"collection":[{"href":"https:\/\/lodehoyrd.com\/index.php?rest_route=\/wp\/v2\/posts"}],"about":[{"href":"https:\/\/lodehoyrd.com\/index.php?rest_route=\/wp\/v2\/types\/post"}],"author":[{"embeddable":true,"href":"https:\/\/lodehoyrd.com\/index.php?rest_route=\/wp\/v2\/users\/1"}],"replies":[{"embeddable":true,"href":"https:\/\/lodehoyrd.com\/index.php?rest_route=%2Fwp%2Fv2%2Fcomments&post=887"}],"version-history":[{"count":1,"href":"https:\/\/lodehoyrd.com\/index.php?rest_route=\/wp\/v2\/posts\/887\/revisions"}],"predecessor-version":[{"id":889,"href":"https:\/\/lodehoyrd.com\/index.php?rest_route=\/wp\/v2\/posts\/887\/revisions\/889"}],"wp:featuredmedia":[{"embeddable":true,"href":"https:\/\/lodehoyrd.com\/index.php?rest_route=\/wp\/v2\/media\/888"}],"wp:attachment":[{"href":"https:\/\/lodehoyrd.com\/index.php?rest_route=%2Fwp%2Fv2%2Fmedia&parent=887"}],"wp:term":[{"taxonomy":"category","embeddable":true,"href":"https:\/\/lodehoyrd.com\/index.php?rest_route=%2Fwp%2Fv2%2Fcategories&post=887"},{"taxonomy":"post_tag","embeddable":true,"href":"https:\/\/lodehoyrd.com\/index.php?rest_route=%2Fwp%2Fv2%2Ftags&post=887"}],"curies":[{"name":"wp","href":"https:\/\/api.w.org\/{rel}","templated":true}]}}