{"id":850,"date":"2026-04-25T00:36:28","date_gmt":"2026-04-25T04:36:28","guid":{"rendered":"https:\/\/lodehoyrd.com\/?p=850"},"modified":"2026-04-25T00:36:29","modified_gmt":"2026-04-25T04:36:29","slug":"alofoke-pide-a-embajadora-que-le-quite-la-visa-a-funcionario-del-gobierno","status":"publish","type":"post","link":"https:\/\/lodehoyrd.com\/?p=850","title":{"rendered":"Alofoke pide a embajadora que le quite la visa a funcionario del gobierno"},"content":{"rendered":"\n<p>Santiago Mat\u00edas ha generado controversia tras pedir p\u00fablicamente a la embajadora de Estados Unidos en Rep\u00fablica Dominicana que le sea retirada la visa al ministro Antoliano Peralta \u201choy mismo\u201d. La solicitud surge en medio de declaraciones y posturas que han encendido el debate en la opini\u00f3n p\u00fablica.<\/p>\n\n\n\n<p>El tema ha provocado reacciones divididas en redes sociales, donde algunos respaldan la postura del comunicador, mientras otros consideran que se trata de una petici\u00f3n extrema que involucra asuntos diplom\u00e1ticos delicados.<\/p>\n\n\n\n<p>Este nuevo episodio vuelve a colocar en el centro de la conversaci\u00f3n nacional el papel de las figuras p\u00fablicas y su influencia en temas pol\u00edticos, dejando abierta la discusi\u00f3n sobre los l\u00edmites entre la opini\u00f3n y la intervenci\u00f3n en decisiones internacionales.<\/p>\n","protected":false},"excerpt":{"rendered":"<p>Santiago Mat\u00edas ha generado controversia tras pedir p\u00fablicamente a la embajadora de Estados Unidos en Rep\u00fablica Dominicana que le sea retirada la visa al ministro Antoliano Peralta \u201choy mismo\u201d. La solicitud surge en medio de declaraciones y posturas que han encendido el debate en la opini\u00f3n p\u00fablica. El tema ha provocado reacciones divididas en redes&#8230;<\/p>\n","protected":false},"author":1,"featured_media":851,"comment_status":"open","ping_status":"open","sticky":false,"template":"","format":"standard","meta":{"footnotes":""},"categories":[6],"tags":[],"class_list":["post-850","post","type-post","status-publish","format-standard","has-post-thumbnail","hentry","category-opinion"],"yoast_head":"<!-- This site is optimized with the Yoast SEO plugin v27.4 - https:\/\/yoast.com\/product\/yoast-seo-wordpress\/ -->\n<title>Alofoke pide a embajadora que le quite la visa a funcionario del gobierno - LODEHOYRD.COM<\/title>\n<meta name=\"robots\" content=\"index, follow, max-snippet:-1, max-image-preview:large, max-video-preview:-1\" \/>\n<link rel=\"canonical\" href=\"https:\/\/lodehoyrd.com\/?p=850\" \/>\n<meta property=\"og:locale\" content=\"es_ES\" \/>\n<meta property=\"og:type\" content=\"article\" \/>\n<meta property=\"og:title\" content=\"Alofoke pide a embajadora que le quite la visa a funcionario del gobierno - LODEHOYRD.COM\" \/>\n<meta property=\"og:description\" content=\"Santiago Mat\u00edas ha generado controversia tras pedir p\u00fablicamente a la embajadora de Estados Unidos en Rep\u00fablica Dominicana que le sea retirada la visa al ministro Antoliano Peralta \u201choy mismo\u201d. La solicitud surge en medio de declaraciones y posturas que han encendido el debate en la opini\u00f3n p\u00fablica. El tema ha provocado reacciones divididas en redes...\" \/>\n<meta property=\"og:url\" content=\"https:\/\/lodehoyrd.com\/?p=850\" \/>\n<meta property=\"og:site_name\" content=\"LODEHOYRD.COM\" \/>\n<meta property=\"article:publisher\" content=\"https:\/\/www.facebook.com\/lodeoyrd\/\" \/>\n<meta property=\"article:published_time\" content=\"2026-04-25T04:36:28+00:00\" \/>\n<meta property=\"article:modified_time\" content=\"2026-04-25T04:36:29+00:00\" \/>\n<meta property=\"og:image\" content=\"https:\/\/lodehoyrd.com\/wp-content\/uploads\/2026\/04\/JULOYGRT6P-RD6RN.png\" \/>\n\t<meta property=\"og:image:width\" content=\"357\" \/>\n\t<meta property=\"og:image:height\" content=\"356\" \/>\n\t<meta property=\"og:image:type\" content=\"image\/png\" \/>\n<meta name=\"author\" content=\"estebandelarosa2820@gmail.com\" \/>\n<meta name=\"twitter:card\" content=\"summary_large_image\" \/>\n<meta name=\"twitter:creator\" content=\"@PatriotasDom\" \/>\n<meta name=\"twitter:site\" content=\"@PatriotasDom\" \/>\n<meta name=\"twitter:label1\" content=\"Written by\" \/>\n\t<meta name=\"twitter:data1\" content=\"estebandelarosa2820@gmail.com\" \/>\n\t<meta name=\"twitter:label2\" content=\"Est. reading time\" \/>\n\t<meta name=\"twitter:data2\" content=\"1 minuto\" \/>\n<script type=\"application\/ld+json\" class=\"yoast-schema-graph\">{\"@context\":\"https:\\\/\\\/schema.org\",\"@graph\":[{\"@type\":\"Article\",\"@id\":\"https:\\\/\\\/lodehoyrd.com\\\/?p=850#article\",\"isPartOf\":{\"@id\":\"https:\\\/\\\/lodehoyrd.com\\\/?p=850\"},\"author\":{\"name\":\"estebandelarosa2820@gmail.com\",\"@id\":\"https:\\\/\\\/lodehoyrd.com\\\/#\\\/schema\\\/person\\\/080cec02e9cd72318c5b8c215402abd7\"},\"headline\":\"Alofoke pide a embajadora que le quite la visa a funcionario del gobierno\",\"datePublished\":\"2026-04-25T04:36:28+00:00\",\"dateModified\":\"2026-04-25T04:36:29+00:00\",\"mainEntityOfPage\":{\"@id\":\"https:\\\/\\\/lodehoyrd.com\\\/?p=850\"},\"wordCount\":146,\"commentCount\":0,\"publisher\":{\"@id\":\"https:\\\/\\\/lodehoyrd.com\\\/#organization\"},\"image\":{\"@id\":\"https:\\\/\\\/lodehoyrd.com\\\/?p=850#primaryimage\"},\"thumbnailUrl\":\"https:\\\/\\\/lodehoyrd.com\\\/wp-content\\\/uploads\\\/2026\\\/04\\\/JULOYGRT6P-RD6RN.png\",\"articleSection\":[\"OPINION\"],\"inLanguage\":\"es-DO\",\"potentialAction\":[{\"@type\":\"CommentAction\",\"name\":\"Comment\",\"target\":[\"https:\\\/\\\/lodehoyrd.com\\\/?p=850#respond\"]}]},{\"@type\":\"WebPage\",\"@id\":\"https:\\\/\\\/lodehoyrd.com\\\/?p=850\",\"url\":\"https:\\\/\\\/lodehoyrd.com\\\/?p=850\",\"name\":\"Alofoke pide a embajadora que le quite la visa a funcionario del gobierno - LODEHOYRD.COM\",\"isPartOf\":{\"@id\":\"https:\\\/\\\/lodehoyrd.com\\\/#website\"},\"primaryImageOfPage\":{\"@id\":\"https:\\\/\\\/lodehoyrd.com\\\/?p=850#primaryimage\"},\"image\":{\"@id\":\"https:\\\/\\\/lodehoyrd.com\\\/?p=850#primaryimage\"},\"thumbnailUrl\":\"https:\\\/\\\/lodehoyrd.com\\\/wp-content\\\/uploads\\\/2026\\\/04\\\/JULOYGRT6P-RD6RN.png\",\"datePublished\":\"2026-04-25T04:36:28+00:00\",\"dateModified\":\"2026-04-25T04:36:29+00:00\",\"breadcrumb\":{\"@id\":\"https:\\\/\\\/lodehoyrd.com\\\/?p=850#breadcrumb\"},\"inLanguage\":\"es-DO\",\"potentialAction\":[{\"@type\":\"ReadAction\",\"target\":[\"https:\\\/\\\/lodehoyrd.com\\\/?p=850\"]}]},{\"@type\":\"ImageObject\",\"inLanguage\":\"es-DO\",\"@id\":\"https:\\\/\\\/lodehoyrd.com\\\/?p=850#primaryimage\",\"url\":\"https:\\\/\\\/lodehoyrd.com\\\/wp-content\\\/uploads\\\/2026\\\/04\\\/JULOYGRT6P-RD6RN.png\",\"contentUrl\":\"https:\\\/\\\/lodehoyrd.com\\\/wp-content\\\/uploads\\\/2026\\\/04\\\/JULOYGRT6P-RD6RN.png\",\"width\":357,\"height\":356},{\"@type\":\"BreadcrumbList\",\"@id\":\"https:\\\/\\\/lodehoyrd.com\\\/?p=850#breadcrumb\",\"itemListElement\":[{\"@type\":\"ListItem\",\"position\":1,\"name\":\"Home\",\"item\":\"https:\\\/\\\/lodehoyrd.com\\\/\"},{\"@type\":\"ListItem\",\"position\":2,\"name\":\"Alofoke pide a embajadora que le quite la visa a funcionario del gobierno\"}]},{\"@type\":\"WebSite\",\"@id\":\"https:\\\/\\\/lodehoyrd.com\\\/#website\",\"url\":\"https:\\\/\\\/lodehoyrd.com\\\/\",\"name\":\"LODEHOYRD.COM\",\"description\":\"INFORMACION ACTUAL Y VERAZ \",\"publisher\":{\"@id\":\"https:\\\/\\\/lodehoyrd.com\\\/#organization\"},\"potentialAction\":[{\"@type\":\"SearchAction\",\"target\":{\"@type\":\"EntryPoint\",\"urlTemplate\":\"https:\\\/\\\/lodehoyrd.com\\\/?s={search_term_string}\"},\"query-input\":{\"@type\":\"PropertyValueSpecification\",\"valueRequired\":true,\"valueName\":\"search_term_string\"}}],\"inLanguage\":\"es-DO\"},{\"@type\":\"Organization\",\"@id\":\"https:\\\/\\\/lodehoyrd.com\\\/#organization\",\"name\":\"LODEHOYRD\",\"url\":\"https:\\\/\\\/lodehoyrd.com\\\/\",\"logo\":{\"@type\":\"ImageObject\",\"inLanguage\":\"es-DO\",\"@id\":\"https:\\\/\\\/lodehoyrd.com\\\/#\\\/schema\\\/logo\\\/image\\\/\",\"url\":\"https:\\\/\\\/lodehoyrd.com\\\/wp-content\\\/uploads\\\/2026\\\/01\\\/cropped-587839248_1764678434311177_7454960250106730443_n.jpg\",\"contentUrl\":\"https:\\\/\\\/lodehoyrd.com\\\/wp-content\\\/uploads\\\/2026\\\/01\\\/cropped-587839248_1764678434311177_7454960250106730443_n.jpg\",\"width\":512,\"height\":512,\"caption\":\"LODEHOYRD\"},\"image\":{\"@id\":\"https:\\\/\\\/lodehoyrd.com\\\/#\\\/schema\\\/logo\\\/image\\\/\"},\"sameAs\":[\"https:\\\/\\\/www.facebook.com\\\/lodeoyrd\\\/\",\"https:\\\/\\\/x.com\\\/PatriotasDom\",\"https:\\\/\\\/www.instagram.com\\\/lodehoyr\\\/\",\"https:\\\/\\\/www.tiktok.com\\\/@lodehoyrd\"]},{\"@type\":\"Person\",\"@id\":\"https:\\\/\\\/lodehoyrd.com\\\/#\\\/schema\\\/person\\\/080cec02e9cd72318c5b8c215402abd7\",\"name\":\"estebandelarosa2820@gmail.com\",\"image\":{\"@type\":\"ImageObject\",\"inLanguage\":\"es-DO\",\"@id\":\"https:\\\/\\\/secure.gravatar.com\\\/avatar\\\/cb4cce556556a7dd79eed4e5ff8c9cc5af640bad7cbcc06114b5f9300bb6f631?s=96&d=mm&r=g\",\"url\":\"https:\\\/\\\/secure.gravatar.com\\\/avatar\\\/cb4cce556556a7dd79eed4e5ff8c9cc5af640bad7cbcc06114b5f9300bb6f631?s=96&d=mm&r=g\",\"contentUrl\":\"https:\\\/\\\/secure.gravatar.com\\\/avatar\\\/cb4cce556556a7dd79eed4e5ff8c9cc5af640bad7cbcc06114b5f9300bb6f631?s=96&d=mm&r=g\",\"caption\":\"estebandelarosa2820@gmail.com\"},\"sameAs\":[\"https:\\\/\\\/lodehoyrd.com\"],\"url\":\"https:\\\/\\\/lodehoyrd.com\\\/?author=1\"}]}<\/script>\n<!-- \/ Yoast SEO plugin. -->","yoast_head_json":{"title":"Alofoke pide a embajadora que le quite la visa a funcionario del gobierno - LODEHOYRD.COM","robots":{"index":"index","follow":"follow","max-snippet":"max-snippet:-1","max-image-preview":"max-image-preview:large","max-video-preview":"max-video-preview:-1"},"canonical":"https:\/\/lodehoyrd.com\/?p=850","og_locale":"es_ES","og_type":"article","og_title":"Alofoke pide a embajadora que le quite la visa a funcionario del gobierno - LODEHOYRD.COM","og_description":"Santiago Mat\u00edas ha generado controversia tras pedir p\u00fablicamente a la embajadora de Estados Unidos en Rep\u00fablica Dominicana que le sea retirada la visa al ministro Antoliano Peralta \u201choy mismo\u201d. La solicitud surge en medio de declaraciones y posturas que han encendido el debate en la opini\u00f3n p\u00fablica. El tema ha provocado reacciones divididas en redes...","og_url":"https:\/\/lodehoyrd.com\/?p=850","og_site_name":"LODEHOYRD.COM","article_publisher":"https:\/\/www.facebook.com\/lodeoyrd\/","article_published_time":"2026-04-25T04:36:28+00:00","article_modified_time":"2026-04-25T04:36:29+00:00","og_image":[{"width":357,"height":356,"url":"https:\/\/lodehoyrd.com\/wp-content\/uploads\/2026\/04\/JULOYGRT6P-RD6RN.png","type":"image\/png"}],"author":"estebandelarosa2820@gmail.com","twitter_card":"summary_large_image","twitter_creator":"@PatriotasDom","twitter_site":"@PatriotasDom","twitter_misc":{"Written by":"estebandelarosa2820@gmail.com","Est. reading time":"1 minuto"},"schema":{"@context":"https:\/\/schema.org","@graph":[{"@type":"Article","@id":"https:\/\/lodehoyrd.com\/?p=850#article","isPartOf":{"@id":"https:\/\/lodehoyrd.com\/?p=850"},"author":{"name":"estebandelarosa2820@gmail.com","@id":"https:\/\/lodehoyrd.com\/#\/schema\/person\/080cec02e9cd72318c5b8c215402abd7"},"headline":"Alofoke pide a embajadora que le quite la visa a funcionario del gobierno","datePublished":"2026-04-25T04:36:28+00:00","dateModified":"2026-04-25T04:36:29+00:00","mainEntityOfPage":{"@id":"https:\/\/lodehoyrd.com\/?p=850"},"wordCount":146,"commentCount":0,"publisher":{"@id":"https:\/\/lodehoyrd.com\/#organization"},"image":{"@id":"https:\/\/lodehoyrd.com\/?p=850#primaryimage"},"thumbnailUrl":"https:\/\/lodehoyrd.com\/wp-content\/uploads\/2026\/04\/JULOYGRT6P-RD6RN.png","articleSection":["OPINION"],"inLanguage":"es-DO","potentialAction":[{"@type":"CommentAction","name":"Comment","target":["https:\/\/lodehoyrd.com\/?p=850#respond"]}]},{"@type":"WebPage","@id":"https:\/\/lodehoyrd.com\/?p=850","url":"https:\/\/lodehoyrd.com\/?p=850","name":"Alofoke pide a embajadora que le quite la visa a funcionario del gobierno - LODEHOYRD.COM","isPartOf":{"@id":"https:\/\/lodehoyrd.com\/#website"},"primaryImageOfPage":{"@id":"https:\/\/lodehoyrd.com\/?p=850#primaryimage"},"image":{"@id":"https:\/\/lodehoyrd.com\/?p=850#primaryimage"},"thumbnailUrl":"https:\/\/lodehoyrd.com\/wp-content\/uploads\/2026\/04\/JULOYGRT6P-RD6RN.png","datePublished":"2026-04-25T04:36:28+00:00","dateModified":"2026-04-25T04:36:29+00:00","breadcrumb":{"@id":"https:\/\/lodehoyrd.com\/?p=850#breadcrumb"},"inLanguage":"es-DO","potentialAction":[{"@type":"ReadAction","target":["https:\/\/lodehoyrd.com\/?p=850"]}]},{"@type":"ImageObject","inLanguage":"es-DO","@id":"https:\/\/lodehoyrd.com\/?p=850#primaryimage","url":"https:\/\/lodehoyrd.com\/wp-content\/uploads\/2026\/04\/JULOYGRT6P-RD6RN.png","contentUrl":"https:\/\/lodehoyrd.com\/wp-content\/uploads\/2026\/04\/JULOYGRT6P-RD6RN.png","width":357,"height":356},{"@type":"BreadcrumbList","@id":"https:\/\/lodehoyrd.com\/?p=850#breadcrumb","itemListElement":[{"@type":"ListItem","position":1,"name":"Home","item":"https:\/\/lodehoyrd.com\/"},{"@type":"ListItem","position":2,"name":"Alofoke pide a embajadora que le quite la visa a funcionario del gobierno"}]},{"@type":"WebSite","@id":"https:\/\/lodehoyrd.com\/#website","url":"https:\/\/lodehoyrd.com\/","name":"LODEHOYRD.COM","description":"INFORMACION ACTUAL Y VERAZ ","publisher":{"@id":"https:\/\/lodehoyrd.com\/#organization"},"potentialAction":[{"@type":"SearchAction","target":{"@type":"EntryPoint","urlTemplate":"https:\/\/lodehoyrd.com\/?s={search_term_string}"},"query-input":{"@type":"PropertyValueSpecification","valueRequired":true,"valueName":"search_term_string"}}],"inLanguage":"es-DO"},{"@type":"Organization","@id":"https:\/\/lodehoyrd.com\/#organization","name":"LODEHOYRD","url":"https:\/\/lodehoyrd.com\/","logo":{"@type":"ImageObject","inLanguage":"es-DO","@id":"https:\/\/lodehoyrd.com\/#\/schema\/logo\/image\/","url":"https:\/\/lodehoyrd.com\/wp-content\/uploads\/2026\/01\/cropped-587839248_1764678434311177_7454960250106730443_n.jpg","contentUrl":"https:\/\/lodehoyrd.com\/wp-content\/uploads\/2026\/01\/cropped-587839248_1764678434311177_7454960250106730443_n.jpg","width":512,"height":512,"caption":"LODEHOYRD"},"image":{"@id":"https:\/\/lodehoyrd.com\/#\/schema\/logo\/image\/"},"sameAs":["https:\/\/www.facebook.com\/lodeoyrd\/","https:\/\/x.com\/PatriotasDom","https:\/\/www.instagram.com\/lodehoyr\/","https:\/\/www.tiktok.com\/@lodehoyrd"]},{"@type":"Person","@id":"https:\/\/lodehoyrd.com\/#\/schema\/person\/080cec02e9cd72318c5b8c215402abd7","name":"estebandelarosa2820@gmail.com","image":{"@type":"ImageObject","inLanguage":"es-DO","@id":"https:\/\/secure.gravatar.com\/avatar\/cb4cce556556a7dd79eed4e5ff8c9cc5af640bad7cbcc06114b5f9300bb6f631?s=96&d=mm&r=g","url":"https:\/\/secure.gravatar.com\/avatar\/cb4cce556556a7dd79eed4e5ff8c9cc5af640bad7cbcc06114b5f9300bb6f631?s=96&d=mm&r=g","contentUrl":"https:\/\/secure.gravatar.com\/avatar\/cb4cce556556a7dd79eed4e5ff8c9cc5af640bad7cbcc06114b5f9300bb6f631?s=96&d=mm&r=g","caption":"estebandelarosa2820@gmail.com"},"sameAs":["https:\/\/lodehoyrd.com"],"url":"https:\/\/lodehoyrd.com\/?author=1"}]}},"_links":{"self":[{"href":"https:\/\/lodehoyrd.com\/index.php?rest_route=\/wp\/v2\/posts\/850","targetHints":{"allow":["GET"]}}],"collection":[{"href":"https:\/\/lodehoyrd.com\/index.php?rest_route=\/wp\/v2\/posts"}],"about":[{"href":"https:\/\/lodehoyrd.com\/index.php?rest_route=\/wp\/v2\/types\/post"}],"author":[{"embeddable":true,"href":"https:\/\/lodehoyrd.com\/index.php?rest_route=\/wp\/v2\/users\/1"}],"replies":[{"embeddable":true,"href":"https:\/\/lodehoyrd.com\/index.php?rest_route=%2Fwp%2Fv2%2Fcomments&post=850"}],"version-history":[{"count":1,"href":"https:\/\/lodehoyrd.com\/index.php?rest_route=\/wp\/v2\/posts\/850\/revisions"}],"predecessor-version":[{"id":852,"href":"https:\/\/lodehoyrd.com\/index.php?rest_route=\/wp\/v2\/posts\/850\/revisions\/852"}],"wp:featuredmedia":[{"embeddable":true,"href":"https:\/\/lodehoyrd.com\/index.php?rest_route=\/wp\/v2\/media\/851"}],"wp:attachment":[{"href":"https:\/\/lodehoyrd.com\/index.php?rest_route=%2Fwp%2Fv2%2Fmedia&parent=850"}],"wp:term":[{"taxonomy":"category","embeddable":true,"href":"https:\/\/lodehoyrd.com\/index.php?rest_route=%2Fwp%2Fv2%2Fcategories&post=850"},{"taxonomy":"post_tag","embeddable":true,"href":"https:\/\/lodehoyrd.com\/index.php?rest_route=%2Fwp%2Fv2%2Ftags&post=850"}],"curies":[{"name":"wp","href":"https:\/\/api.w.org\/{rel}","templated":true}]}}