{"id":7,"date":"2026-01-25T03:21:16","date_gmt":"2026-01-25T07:21:16","guid":{"rendered":"https:\/\/lodehoyrd.com\/?p=7"},"modified":"2026-01-25T03:21:16","modified_gmt":"2026-01-25T07:21:16","slug":"ministerio-de-defensa-gradua-mas-de-8300-jovenes-en-programa-de-formacion-en-valores-del-servicio-militar-voluntario","status":"publish","type":"post","link":"https:\/\/lodehoyrd.com\/?p=7","title":{"rendered":"Ministerio de Defensa grad\u00faa m\u00e1s de 8,300 j\u00f3venes en Programa de Formaci\u00f3n en Valores del Servicio Militar Voluntario"},"content":{"rendered":"\n<p>Santo Domingo. \u2013 El Ministerio de Defensa (MIDE) reafirm\u00f3 su compromiso con el desarrollo social y la formaci\u00f3n integral de la juventud dominicana, al encabezar la ceremonia de graduaci\u00f3n simult\u00e1nea de la Trig\u00e9sima Octava Promoci\u00f3n del Programa de Formaci\u00f3n en Valores del Servicio Militar Voluntario, en la que fueron investidos 8,304 j\u00f3venes estudiantes de 23 provincias del pa\u00eds.<\/p>\n\n\n\n<figure class=\"wp-block-image\"><a href=\"https:\/\/www.blogger.com\/blog\/post\/edit\/5213192266786241494\/166434833062878421#\"><img decoding=\"async\" src=\"https:\/\/blogger.googleusercontent.com\/img\/b\/R29vZ2xl\/AVvXsEj7hSxW6q3z4PGiV3wrlq3DH1zyZomOWGCbmUklD16c7dWmQLly4PV2esuejgtB26OGC-_mOXqMTKac-_A7gK3mdzyV6Geh3Mhh6iYFTciFyzuAGp6OtsRCquWLEU3DzNMs5BsMkzgVcJOSDfQFQ9N8Z19iMgp32ulcto8HIkTz0koaGI1lck-MVpiQJ7I\/s320\/WhatsApp%20Image%202026-01-24%20at%203.34.51%20PM.jpeg\" alt=\"\"\/><\/a><\/figure>\n\n\n\n<p>El acto principal fue encabezado por el Teniente General Carlos Antonio Fern\u00e1ndez Onofre, ERD., Ministro de Defensa, junto al Ministro de Educaci\u00f3n, Luis Miguel De Camps, y cont\u00f3 con la presencia de autoridades militares, policiales y educativas, as\u00ed como representantes de distintos sectores sociales.<\/p>\n\n\n\n<figure class=\"wp-block-image\"><a href=\"https:\/\/www.blogger.com\/blog\/post\/edit\/5213192266786241494\/166434833062878421#\"><img decoding=\"async\" src=\"https:\/\/blogger.googleusercontent.com\/img\/b\/R29vZ2xl\/AVvXsEg5-ThuW9RtR85Td80vfJqa4Z6bpS-C2mnLZ-C9yr2WyP_jatWz20g7G0QZ_znovePw5OUnC7WkfrsmhDAOxvRATgz1IlbPmUY-PHMWuf2Ly57oORKZ6cnUmLl8_afg24-jqJ1G7UEGLFE_3QlAw2uoy-Qg5LxNmunaQu4onNqh6sC8IFi80wpnZmswBIA\/s320\/WhatsApp%20Image%202026-01-24%20at%203.34.53%20PM.jpeg\" alt=\"\"\/><\/a><\/figure>\n\n\n\n<p>El discurso de orden estuvo a cargo del General de Brigada Piloto Rafael Candelario Acosta Sena, FARD., Director General del Servicio Militar Voluntario, quien destac\u00f3 que este programa se ha consolidado como una de las principales herramientas de las Fuerzas Armadas para contribuir al desarrollo social del pa\u00eds, formando j\u00f3venes con valores, disciplina, civismo y sentido de responsabilidad.<\/p>\n\n\n\n<p>Acosta Sena subray\u00f3 que el Servicio Militar Voluntario no solo fortalece la identidad patri\u00f3tica, sino que tambi\u00e9n incide positivamente en la conducta personal y social de los participantes, fomentando el respeto a las normas, el liderazgo juvenil y la integraci\u00f3n comunitaria como pilares para la convivencia democr\u00e1tica.<\/p>\n\n\n\n<p>Las graduaciones se realizaron de manera simult\u00e1nea en cuatro regiones del pa\u00eds:<\/p>\n\n\n\n<p>\u2022 Regi\u00f3n Metropolitana, con 3,770 j\u00f3venes;<\/p>\n\n\n\n<p>\u2022 Regi\u00f3n Norte, con 2,186;<\/p>\n\n\n\n<p>\u2022 Regi\u00f3n Sur, con 1,267;<\/p>\n\n\n\n<p>\u2022 y Regi\u00f3n Este, con 1,081 graduandos;<\/p>\n\n\n\n<p>para un total nacional de 8,304 estudiantes, distribuidos en 129 centros educativos de 23 provincias, de los cuales el 61 % corresponde al sexo femenino, reflejando el creciente protagonismo de la mujer dominicana en los procesos de formaci\u00f3n y superaci\u00f3n personal.<\/p>\n\n\n\n<p>Desde su creaci\u00f3n en el a\u00f1o 2001, el Servicio Militar Voluntario ha formado a 96,973 j\u00f3venes, impactando de manera directa su desempe\u00f1o acad\u00e9mico, social y laboral, al dotarlos de herramientas \u00e9ticas, disciplina personal y una s\u00f3lida formaci\u00f3n ciudadana.<\/p>\n\n\n\n<p>El programa se desarrolla en coordinaci\u00f3n con el Ministerio de Educaci\u00f3n y forma parte de las pol\u00edticas p\u00fablicas orientadas a la prevenci\u00f3n social, la educaci\u00f3n en valores y la construcci\u00f3n de una cultura de paz, convivencia y respeto a la legalidad.<\/p>\n\n\n\n<p>Con esta nueva promoci\u00f3n, el Ministerio de Defensa fortalece su rol como instituci\u00f3n comprometida con el desarrollo nacional, trascendiendo su misi\u00f3n constitucional de defensa para convertirse en un actor clave en la transformaci\u00f3n social y la formaci\u00f3n del capital humano joven de la Rep\u00fablica Dominicana.<\/p>\n","protected":false},"excerpt":{"rendered":"<p>Santo Domingo. \u2013 El Ministerio de Defensa (MIDE) reafirm\u00f3 su compromiso con el desarrollo social y la formaci\u00f3n integral de la juventud dominicana, al encabezar la ceremonia de graduaci\u00f3n simult\u00e1nea de la Trig\u00e9sima Octava Promoci\u00f3n del Programa de Formaci\u00f3n en Valores del Servicio Militar Voluntario, en la que fueron investidos 8,304 j\u00f3venes estudiantes de 23&#8230;<\/p>\n","protected":false},"author":1,"featured_media":8,"comment_status":"open","ping_status":"open","sticky":false,"template":"","format":"standard","meta":{"footnotes":""},"categories":[3],"tags":[],"class_list":["post-7","post","type-post","status-publish","format-standard","has-post-thumbnail","hentry","category-nacionales"],"yoast_head":"<!-- This site is optimized with the Yoast SEO plugin v27.4 - https:\/\/yoast.com\/product\/yoast-seo-wordpress\/ -->\n<title>Ministerio de Defensa grad\u00faa m\u00e1s de 8,300 j\u00f3venes en Programa de Formaci\u00f3n en Valores del Servicio Militar Voluntario - LODEHOYRD.COM<\/title>\n<meta name=\"robots\" content=\"index, follow, max-snippet:-1, max-image-preview:large, max-video-preview:-1\" \/>\n<link rel=\"canonical\" href=\"https:\/\/lodehoyrd.com\/?p=7\" \/>\n<meta property=\"og:locale\" content=\"es_ES\" \/>\n<meta property=\"og:type\" content=\"article\" \/>\n<meta property=\"og:title\" content=\"Ministerio de Defensa grad\u00faa m\u00e1s de 8,300 j\u00f3venes en Programa de Formaci\u00f3n en Valores del Servicio Militar Voluntario - LODEHOYRD.COM\" \/>\n<meta property=\"og:description\" content=\"Santo Domingo. \u2013 El Ministerio de Defensa (MIDE) reafirm\u00f3 su compromiso con el desarrollo social y la formaci\u00f3n integral de la juventud dominicana, al encabezar la ceremonia de graduaci\u00f3n simult\u00e1nea de la Trig\u00e9sima Octava Promoci\u00f3n del Programa de Formaci\u00f3n en Valores del Servicio Militar Voluntario, en la que fueron investidos 8,304 j\u00f3venes estudiantes de 23...\" \/>\n<meta property=\"og:url\" content=\"https:\/\/lodehoyrd.com\/?p=7\" \/>\n<meta property=\"og:site_name\" content=\"LODEHOYRD.COM\" \/>\n<meta property=\"article:publisher\" content=\"https:\/\/www.facebook.com\/lodeoyrd\/\" \/>\n<meta property=\"article:published_time\" content=\"2026-01-25T07:21:16+00:00\" \/>\n<meta property=\"og:image\" content=\"https:\/\/lodehoyrd.com\/wp-content\/uploads\/2026\/01\/WhatsApp-Image-2026-01-24-at-3.34.52-PM-1.jpeg\" \/>\n\t<meta property=\"og:image:width\" content=\"1600\" \/>\n\t<meta property=\"og:image:height\" content=\"1066\" \/>\n\t<meta property=\"og:image:type\" content=\"image\/jpeg\" \/>\n<meta name=\"author\" content=\"estebandelarosa2820@gmail.com\" \/>\n<meta name=\"twitter:card\" content=\"summary_large_image\" \/>\n<meta name=\"twitter:creator\" content=\"@PatriotasDom\" \/>\n<meta name=\"twitter:site\" content=\"@PatriotasDom\" \/>\n<meta name=\"twitter:label1\" content=\"Written by\" \/>\n\t<meta name=\"twitter:data1\" content=\"estebandelarosa2820@gmail.com\" \/>\n\t<meta name=\"twitter:label2\" content=\"Est. reading time\" \/>\n\t<meta name=\"twitter:data2\" content=\"2 minutos\" \/>\n<script type=\"application\/ld+json\" class=\"yoast-schema-graph\">{\"@context\":\"https:\\\/\\\/schema.org\",\"@graph\":[{\"@type\":\"Article\",\"@id\":\"https:\\\/\\\/lodehoyrd.com\\\/?p=7#article\",\"isPartOf\":{\"@id\":\"https:\\\/\\\/lodehoyrd.com\\\/?p=7\"},\"author\":{\"name\":\"estebandelarosa2820@gmail.com\",\"@id\":\"https:\\\/\\\/lodehoyrd.com\\\/#\\\/schema\\\/person\\\/080cec02e9cd72318c5b8c215402abd7\"},\"headline\":\"Ministerio de Defensa grad\u00faa m\u00e1s de 8,300 j\u00f3venes en Programa de Formaci\u00f3n en Valores del Servicio Militar Voluntario\",\"datePublished\":\"2026-01-25T07:21:16+00:00\",\"mainEntityOfPage\":{\"@id\":\"https:\\\/\\\/lodehoyrd.com\\\/?p=7\"},\"wordCount\":455,\"commentCount\":0,\"publisher\":{\"@id\":\"https:\\\/\\\/lodehoyrd.com\\\/#organization\"},\"image\":{\"@id\":\"https:\\\/\\\/lodehoyrd.com\\\/?p=7#primaryimage\"},\"thumbnailUrl\":\"https:\\\/\\\/lodehoyrd.com\\\/wp-content\\\/uploads\\\/2026\\\/01\\\/WhatsApp-Image-2026-01-24-at-3.34.52-PM-1.jpeg\",\"articleSection\":[\"NACIONALES\"],\"inLanguage\":\"es-DO\",\"potentialAction\":[{\"@type\":\"CommentAction\",\"name\":\"Comment\",\"target\":[\"https:\\\/\\\/lodehoyrd.com\\\/?p=7#respond\"]}]},{\"@type\":\"WebPage\",\"@id\":\"https:\\\/\\\/lodehoyrd.com\\\/?p=7\",\"url\":\"https:\\\/\\\/lodehoyrd.com\\\/?p=7\",\"name\":\"Ministerio de Defensa grad\u00faa m\u00e1s de 8,300 j\u00f3venes en Programa de Formaci\u00f3n en Valores del Servicio Militar Voluntario - LODEHOYRD.COM\",\"isPartOf\":{\"@id\":\"https:\\\/\\\/lodehoyrd.com\\\/#website\"},\"primaryImageOfPage\":{\"@id\":\"https:\\\/\\\/lodehoyrd.com\\\/?p=7#primaryimage\"},\"image\":{\"@id\":\"https:\\\/\\\/lodehoyrd.com\\\/?p=7#primaryimage\"},\"thumbnailUrl\":\"https:\\\/\\\/lodehoyrd.com\\\/wp-content\\\/uploads\\\/2026\\\/01\\\/WhatsApp-Image-2026-01-24-at-3.34.52-PM-1.jpeg\",\"datePublished\":\"2026-01-25T07:21:16+00:00\",\"breadcrumb\":{\"@id\":\"https:\\\/\\\/lodehoyrd.com\\\/?p=7#breadcrumb\"},\"inLanguage\":\"es-DO\",\"potentialAction\":[{\"@type\":\"ReadAction\",\"target\":[\"https:\\\/\\\/lodehoyrd.com\\\/?p=7\"]}]},{\"@type\":\"ImageObject\",\"inLanguage\":\"es-DO\",\"@id\":\"https:\\\/\\\/lodehoyrd.com\\\/?p=7#primaryimage\",\"url\":\"https:\\\/\\\/lodehoyrd.com\\\/wp-content\\\/uploads\\\/2026\\\/01\\\/WhatsApp-Image-2026-01-24-at-3.34.52-PM-1.jpeg\",\"contentUrl\":\"https:\\\/\\\/lodehoyrd.com\\\/wp-content\\\/uploads\\\/2026\\\/01\\\/WhatsApp-Image-2026-01-24-at-3.34.52-PM-1.jpeg\",\"width\":1600,\"height\":1066},{\"@type\":\"BreadcrumbList\",\"@id\":\"https:\\\/\\\/lodehoyrd.com\\\/?p=7#breadcrumb\",\"itemListElement\":[{\"@type\":\"ListItem\",\"position\":1,\"name\":\"Home\",\"item\":\"https:\\\/\\\/lodehoyrd.com\\\/\"},{\"@type\":\"ListItem\",\"position\":2,\"name\":\"Ministerio de Defensa grad\u00faa m\u00e1s de 8,300 j\u00f3venes en Programa de Formaci\u00f3n en Valores del Servicio Militar Voluntario\"}]},{\"@type\":\"WebSite\",\"@id\":\"https:\\\/\\\/lodehoyrd.com\\\/#website\",\"url\":\"https:\\\/\\\/lodehoyrd.com\\\/\",\"name\":\"LODEHOYRD.COM\",\"description\":\"INFORMACION ACTUAL Y VERAZ \",\"publisher\":{\"@id\":\"https:\\\/\\\/lodehoyrd.com\\\/#organization\"},\"potentialAction\":[{\"@type\":\"SearchAction\",\"target\":{\"@type\":\"EntryPoint\",\"urlTemplate\":\"https:\\\/\\\/lodehoyrd.com\\\/?s={search_term_string}\"},\"query-input\":{\"@type\":\"PropertyValueSpecification\",\"valueRequired\":true,\"valueName\":\"search_term_string\"}}],\"inLanguage\":\"es-DO\"},{\"@type\":\"Organization\",\"@id\":\"https:\\\/\\\/lodehoyrd.com\\\/#organization\",\"name\":\"LODEHOYRD\",\"url\":\"https:\\\/\\\/lodehoyrd.com\\\/\",\"logo\":{\"@type\":\"ImageObject\",\"inLanguage\":\"es-DO\",\"@id\":\"https:\\\/\\\/lodehoyrd.com\\\/#\\\/schema\\\/logo\\\/image\\\/\",\"url\":\"https:\\\/\\\/lodehoyrd.com\\\/wp-content\\\/uploads\\\/2026\\\/01\\\/cropped-587839248_1764678434311177_7454960250106730443_n.jpg\",\"contentUrl\":\"https:\\\/\\\/lodehoyrd.com\\\/wp-content\\\/uploads\\\/2026\\\/01\\\/cropped-587839248_1764678434311177_7454960250106730443_n.jpg\",\"width\":512,\"height\":512,\"caption\":\"LODEHOYRD\"},\"image\":{\"@id\":\"https:\\\/\\\/lodehoyrd.com\\\/#\\\/schema\\\/logo\\\/image\\\/\"},\"sameAs\":[\"https:\\\/\\\/www.facebook.com\\\/lodeoyrd\\\/\",\"https:\\\/\\\/x.com\\\/PatriotasDom\",\"https:\\\/\\\/www.instagram.com\\\/lodehoyr\\\/\",\"https:\\\/\\\/www.tiktok.com\\\/@lodehoyrd\"]},{\"@type\":\"Person\",\"@id\":\"https:\\\/\\\/lodehoyrd.com\\\/#\\\/schema\\\/person\\\/080cec02e9cd72318c5b8c215402abd7\",\"name\":\"estebandelarosa2820@gmail.com\",\"image\":{\"@type\":\"ImageObject\",\"inLanguage\":\"es-DO\",\"@id\":\"https:\\\/\\\/secure.gravatar.com\\\/avatar\\\/cb4cce556556a7dd79eed4e5ff8c9cc5af640bad7cbcc06114b5f9300bb6f631?s=96&d=mm&r=g\",\"url\":\"https:\\\/\\\/secure.gravatar.com\\\/avatar\\\/cb4cce556556a7dd79eed4e5ff8c9cc5af640bad7cbcc06114b5f9300bb6f631?s=96&d=mm&r=g\",\"contentUrl\":\"https:\\\/\\\/secure.gravatar.com\\\/avatar\\\/cb4cce556556a7dd79eed4e5ff8c9cc5af640bad7cbcc06114b5f9300bb6f631?s=96&d=mm&r=g\",\"caption\":\"estebandelarosa2820@gmail.com\"},\"sameAs\":[\"https:\\\/\\\/lodehoyrd.com\"],\"url\":\"https:\\\/\\\/lodehoyrd.com\\\/?author=1\"}]}<\/script>\n<!-- \/ Yoast SEO plugin. -->","yoast_head_json":{"title":"Ministerio de Defensa grad\u00faa m\u00e1s de 8,300 j\u00f3venes en Programa de Formaci\u00f3n en Valores del Servicio Militar Voluntario - LODEHOYRD.COM","robots":{"index":"index","follow":"follow","max-snippet":"max-snippet:-1","max-image-preview":"max-image-preview:large","max-video-preview":"max-video-preview:-1"},"canonical":"https:\/\/lodehoyrd.com\/?p=7","og_locale":"es_ES","og_type":"article","og_title":"Ministerio de Defensa grad\u00faa m\u00e1s de 8,300 j\u00f3venes en Programa de Formaci\u00f3n en Valores del Servicio Militar Voluntario - LODEHOYRD.COM","og_description":"Santo Domingo. \u2013 El Ministerio de Defensa (MIDE) reafirm\u00f3 su compromiso con el desarrollo social y la formaci\u00f3n integral de la juventud dominicana, al encabezar la ceremonia de graduaci\u00f3n simult\u00e1nea de la Trig\u00e9sima Octava Promoci\u00f3n del Programa de Formaci\u00f3n en Valores del Servicio Militar Voluntario, en la que fueron investidos 8,304 j\u00f3venes estudiantes de 23...","og_url":"https:\/\/lodehoyrd.com\/?p=7","og_site_name":"LODEHOYRD.COM","article_publisher":"https:\/\/www.facebook.com\/lodeoyrd\/","article_published_time":"2026-01-25T07:21:16+00:00","og_image":[{"width":1600,"height":1066,"url":"https:\/\/lodehoyrd.com\/wp-content\/uploads\/2026\/01\/WhatsApp-Image-2026-01-24-at-3.34.52-PM-1.jpeg","type":"image\/jpeg"}],"author":"estebandelarosa2820@gmail.com","twitter_card":"summary_large_image","twitter_creator":"@PatriotasDom","twitter_site":"@PatriotasDom","twitter_misc":{"Written by":"estebandelarosa2820@gmail.com","Est. reading time":"2 minutos"},"schema":{"@context":"https:\/\/schema.org","@graph":[{"@type":"Article","@id":"https:\/\/lodehoyrd.com\/?p=7#article","isPartOf":{"@id":"https:\/\/lodehoyrd.com\/?p=7"},"author":{"name":"estebandelarosa2820@gmail.com","@id":"https:\/\/lodehoyrd.com\/#\/schema\/person\/080cec02e9cd72318c5b8c215402abd7"},"headline":"Ministerio de Defensa grad\u00faa m\u00e1s de 8,300 j\u00f3venes en Programa de Formaci\u00f3n en Valores del Servicio Militar Voluntario","datePublished":"2026-01-25T07:21:16+00:00","mainEntityOfPage":{"@id":"https:\/\/lodehoyrd.com\/?p=7"},"wordCount":455,"commentCount":0,"publisher":{"@id":"https:\/\/lodehoyrd.com\/#organization"},"image":{"@id":"https:\/\/lodehoyrd.com\/?p=7#primaryimage"},"thumbnailUrl":"https:\/\/lodehoyrd.com\/wp-content\/uploads\/2026\/01\/WhatsApp-Image-2026-01-24-at-3.34.52-PM-1.jpeg","articleSection":["NACIONALES"],"inLanguage":"es-DO","potentialAction":[{"@type":"CommentAction","name":"Comment","target":["https:\/\/lodehoyrd.com\/?p=7#respond"]}]},{"@type":"WebPage","@id":"https:\/\/lodehoyrd.com\/?p=7","url":"https:\/\/lodehoyrd.com\/?p=7","name":"Ministerio de Defensa grad\u00faa m\u00e1s de 8,300 j\u00f3venes en Programa de Formaci\u00f3n en Valores del Servicio Militar Voluntario - LODEHOYRD.COM","isPartOf":{"@id":"https:\/\/lodehoyrd.com\/#website"},"primaryImageOfPage":{"@id":"https:\/\/lodehoyrd.com\/?p=7#primaryimage"},"image":{"@id":"https:\/\/lodehoyrd.com\/?p=7#primaryimage"},"thumbnailUrl":"https:\/\/lodehoyrd.com\/wp-content\/uploads\/2026\/01\/WhatsApp-Image-2026-01-24-at-3.34.52-PM-1.jpeg","datePublished":"2026-01-25T07:21:16+00:00","breadcrumb":{"@id":"https:\/\/lodehoyrd.com\/?p=7#breadcrumb"},"inLanguage":"es-DO","potentialAction":[{"@type":"ReadAction","target":["https:\/\/lodehoyrd.com\/?p=7"]}]},{"@type":"ImageObject","inLanguage":"es-DO","@id":"https:\/\/lodehoyrd.com\/?p=7#primaryimage","url":"https:\/\/lodehoyrd.com\/wp-content\/uploads\/2026\/01\/WhatsApp-Image-2026-01-24-at-3.34.52-PM-1.jpeg","contentUrl":"https:\/\/lodehoyrd.com\/wp-content\/uploads\/2026\/01\/WhatsApp-Image-2026-01-24-at-3.34.52-PM-1.jpeg","width":1600,"height":1066},{"@type":"BreadcrumbList","@id":"https:\/\/lodehoyrd.com\/?p=7#breadcrumb","itemListElement":[{"@type":"ListItem","position":1,"name":"Home","item":"https:\/\/lodehoyrd.com\/"},{"@type":"ListItem","position":2,"name":"Ministerio de Defensa grad\u00faa m\u00e1s de 8,300 j\u00f3venes en Programa de Formaci\u00f3n en Valores del Servicio Militar Voluntario"}]},{"@type":"WebSite","@id":"https:\/\/lodehoyrd.com\/#website","url":"https:\/\/lodehoyrd.com\/","name":"LODEHOYRD.COM","description":"INFORMACION ACTUAL Y VERAZ ","publisher":{"@id":"https:\/\/lodehoyrd.com\/#organization"},"potentialAction":[{"@type":"SearchAction","target":{"@type":"EntryPoint","urlTemplate":"https:\/\/lodehoyrd.com\/?s={search_term_string}"},"query-input":{"@type":"PropertyValueSpecification","valueRequired":true,"valueName":"search_term_string"}}],"inLanguage":"es-DO"},{"@type":"Organization","@id":"https:\/\/lodehoyrd.com\/#organization","name":"LODEHOYRD","url":"https:\/\/lodehoyrd.com\/","logo":{"@type":"ImageObject","inLanguage":"es-DO","@id":"https:\/\/lodehoyrd.com\/#\/schema\/logo\/image\/","url":"https:\/\/lodehoyrd.com\/wp-content\/uploads\/2026\/01\/cropped-587839248_1764678434311177_7454960250106730443_n.jpg","contentUrl":"https:\/\/lodehoyrd.com\/wp-content\/uploads\/2026\/01\/cropped-587839248_1764678434311177_7454960250106730443_n.jpg","width":512,"height":512,"caption":"LODEHOYRD"},"image":{"@id":"https:\/\/lodehoyrd.com\/#\/schema\/logo\/image\/"},"sameAs":["https:\/\/www.facebook.com\/lodeoyrd\/","https:\/\/x.com\/PatriotasDom","https:\/\/www.instagram.com\/lodehoyr\/","https:\/\/www.tiktok.com\/@lodehoyrd"]},{"@type":"Person","@id":"https:\/\/lodehoyrd.com\/#\/schema\/person\/080cec02e9cd72318c5b8c215402abd7","name":"estebandelarosa2820@gmail.com","image":{"@type":"ImageObject","inLanguage":"es-DO","@id":"https:\/\/secure.gravatar.com\/avatar\/cb4cce556556a7dd79eed4e5ff8c9cc5af640bad7cbcc06114b5f9300bb6f631?s=96&d=mm&r=g","url":"https:\/\/secure.gravatar.com\/avatar\/cb4cce556556a7dd79eed4e5ff8c9cc5af640bad7cbcc06114b5f9300bb6f631?s=96&d=mm&r=g","contentUrl":"https:\/\/secure.gravatar.com\/avatar\/cb4cce556556a7dd79eed4e5ff8c9cc5af640bad7cbcc06114b5f9300bb6f631?s=96&d=mm&r=g","caption":"estebandelarosa2820@gmail.com"},"sameAs":["https:\/\/lodehoyrd.com"],"url":"https:\/\/lodehoyrd.com\/?author=1"}]}},"_links":{"self":[{"href":"https:\/\/lodehoyrd.com\/index.php?rest_route=\/wp\/v2\/posts\/7","targetHints":{"allow":["GET"]}}],"collection":[{"href":"https:\/\/lodehoyrd.com\/index.php?rest_route=\/wp\/v2\/posts"}],"about":[{"href":"https:\/\/lodehoyrd.com\/index.php?rest_route=\/wp\/v2\/types\/post"}],"author":[{"embeddable":true,"href":"https:\/\/lodehoyrd.com\/index.php?rest_route=\/wp\/v2\/users\/1"}],"replies":[{"embeddable":true,"href":"https:\/\/lodehoyrd.com\/index.php?rest_route=%2Fwp%2Fv2%2Fcomments&post=7"}],"version-history":[{"count":1,"href":"https:\/\/lodehoyrd.com\/index.php?rest_route=\/wp\/v2\/posts\/7\/revisions"}],"predecessor-version":[{"id":9,"href":"https:\/\/lodehoyrd.com\/index.php?rest_route=\/wp\/v2\/posts\/7\/revisions\/9"}],"wp:featuredmedia":[{"embeddable":true,"href":"https:\/\/lodehoyrd.com\/index.php?rest_route=\/wp\/v2\/media\/8"}],"wp:attachment":[{"href":"https:\/\/lodehoyrd.com\/index.php?rest_route=%2Fwp%2Fv2%2Fmedia&parent=7"}],"wp:term":[{"taxonomy":"category","embeddable":true,"href":"https:\/\/lodehoyrd.com\/index.php?rest_route=%2Fwp%2Fv2%2Fcategories&post=7"},{"taxonomy":"post_tag","embeddable":true,"href":"https:\/\/lodehoyrd.com\/index.php?rest_route=%2Fwp%2Fv2%2Ftags&post=7"}],"curies":[{"name":"wp","href":"https:\/\/api.w.org\/{rel}","templated":true}]}}