{"id":543,"date":"2026-03-17T23:03:29","date_gmt":"2026-03-18T03:03:29","guid":{"rendered":"https:\/\/lodehoyrd.com\/?p=543"},"modified":"2026-03-18T00:11:20","modified_gmt":"2026-03-18T04:11:20","slug":"medio-ambiente-interviene-el-rio-haina-para-recuperar-su-cauce-y-frenar-la-extraccion-ilegal","status":"publish","type":"post","link":"https:\/\/lodehoyrd.com\/?p=543","title":{"rendered":"Medio Ambiente interviene el r\u00edo Haina para recuperar su cauce y frenar la extracci\u00f3n ilegal"},"content":{"rendered":"\n<p>Por Lic. Felix Matos <\/p>\n\n\n\n<p>El Ministerio de Medio Ambiente y Recursos Naturales inici\u00f3 la intervenci\u00f3n del r\u00edo Haina para recuperar su cauce, restaurar su equilibrio ecol\u00f3gico y detener la extracci\u00f3n ilegal de agregados que por d\u00e9cadas ha degradado la cuenca. Los trabajos se desarrollan entre La Lecher\u00eda y Palav\u00e9, en cumplimiento de la Resoluci\u00f3n 002\u20112026, que declar\u00f3 de urgencia ambiental la intervenci\u00f3n de este tramo.<\/p>\n\n\n\n<figure class=\"wp-block-image\"><a href=\"https:\/\/blogger.googleusercontent.com\/img\/b\/R29vZ2xl\/AVvXsEhNDx3qUr_f33kqEA6E5UpHSEqrulUR_ZF4gx0zQijM7FVJ2g60LTmm7w3Me662y6i8bBPD70xkjoUvOn5G2yUG8bLOaDczAMxgtq7-4GFQKkRCAf2Ngl6dfZpoxAT7fKRfKjbRuCMIZC-KfcVN03jSWu2u2ZbVInS9Af8k0gBK5R-EBLDfNMA3mrQjWD5U\/s1600\/563cae11-9435-40f9-9927-fcb0abc1bdd5.jpeg\"><img decoding=\"async\" src=\"https:\/\/blogger.googleusercontent.com\/img\/b\/R29vZ2xl\/AVvXsEhNDx3qUr_f33kqEA6E5UpHSEqrulUR_ZF4gx0zQijM7FVJ2g60LTmm7w3Me662y6i8bBPD70xkjoUvOn5G2yUG8bLOaDczAMxgtq7-4GFQKkRCAf2Ngl6dfZpoxAT7fKRfKjbRuCMIZC-KfcVN03jSWu2u2ZbVInS9Af8k0gBK5R-EBLDfNMA3mrQjWD5U\/w400-h266\/563cae11-9435-40f9-9927-fcb0abc1bdd5.jpeg\" alt=\"\"\/><\/a><\/figure>\n\n\n\n<p>El operativo se ejecuta junto al Servicio Nacional de Protecci\u00f3n Ambiental (SENPA) y cuenta con el apoyo del Ministerio de Defensa, el Ej\u00e9rcito y la Fuerza A\u00e9rea, que aporta vigilancia a\u00e9rea y soporte log\u00edstico. Estudios t\u00e9cnicos atribuyen el deterioro del r\u00edo a la explotaci\u00f3n ilegal de materiales, la deforestaci\u00f3n y el abandono progresivo de la cuenca, factores que han incrementado la vulnerabilidad de las comunidades cercanas.<\/p>\n\n\n\n<p>El ministro Pa\u00edno Henr\u00edquez reafirm\u00f3 la pol\u00edtica de tolerancia cero frente a actividades ilegales que afecten los recursos naturales y destac\u00f3 que la recuperaci\u00f3n de los r\u00edos es una prioridad de su gesti\u00f3n.<\/p>\n\n\n\n<figure class=\"wp-block-image\"><a href=\"https:\/\/blogger.googleusercontent.com\/img\/b\/R29vZ2xl\/AVvXsEiX_O5UQHwdrtlqNWHZ0HNemPH5YsbxVojUxhA-qHaZoLKS1ACwEM9yz3tzS6GbOHsJ-oGq7uqStsCcL7t9U6tkWuBjahLDL1Fk4Fe3PYvInVDyU83l7abGqaOXi0eb71C9oqb9jMDOkWrU7GcWqKCSAP72brhBuUUrwN7Y4DVFKlX5OaslMVpMRcsq_oBl\/s1600\/02bc3695-efbd-4c9e-8669-bc71a6c051c5.jpeg\"><img decoding=\"async\" src=\"https:\/\/blogger.googleusercontent.com\/img\/b\/R29vZ2xl\/AVvXsEiX_O5UQHwdrtlqNWHZ0HNemPH5YsbxVojUxhA-qHaZoLKS1ACwEM9yz3tzS6GbOHsJ-oGq7uqStsCcL7t9U6tkWuBjahLDL1Fk4Fe3PYvInVDyU83l7abGqaOXi0eb71C9oqb9jMDOkWrU7GcWqKCSAP72brhBuUUrwN7Y4DVFKlX5OaslMVpMRcsq_oBl\/w400-h266\/02bc3695-efbd-4c9e-8669-bc71a6c051c5.jpeg\" alt=\"\"\/><\/a><\/figure>\n\n\n\n<p>El proyecto incluye limpieza del cauce, extracci\u00f3n de sedimentos, readecuaci\u00f3n hidr\u00e1ulica y acondicionamiento de riberas para restablecer la funcionalidad del r\u00edo. El SENPA, dirigido por el general de brigada \u00c1ngel Alfredo Camacho, ejecuta el plan de seguridad que garantiza el cumplimiento de la resoluci\u00f3n y el control del \u00e1rea de operaciones. El plan identifica cinco puntos cr\u00edticos donde se instalar\u00e1n puestos fijos y patrullajes para impedir nuevas extracciones ilegales.<\/p>\n\n\n\n<figure class=\"wp-block-image\"><a href=\"https:\/\/blogger.googleusercontent.com\/img\/b\/R29vZ2xl\/AVvXsEil3cRmGNwXFjQR9jWb8mNHbfCT3hXt4d-TzXlx7xI4NRSRD6IKqrvulbnSXG1Q36x-5gEyg6xDYdivVEKQHC8kecwUNZeqmOX8QmI15EpYFU0fzze0X8AOl-7XL_70a68u8RP04zls1G5GdI35fbkJ0WY2fkO8leEmSb4FasV7_3Q4rA3nSXODICkqfn19\/s1600\/836c8ee6-7f4e-4063-a45c-d77ffc6a0386.jpeg\"><img decoding=\"async\" src=\"https:\/\/blogger.googleusercontent.com\/img\/b\/R29vZ2xl\/AVvXsEil3cRmGNwXFjQR9jWb8mNHbfCT3hXt4d-TzXlx7xI4NRSRD6IKqrvulbnSXG1Q36x-5gEyg6xDYdivVEKQHC8kecwUNZeqmOX8QmI15EpYFU0fzze0X8AOl-7XL_70a68u8RP04zls1G5GdI35fbkJ0WY2fkO8leEmSb4FasV7_3Q4rA3nSXODICkqfn19\/w400-h266\/836c8ee6-7f4e-4063-a45c-d77ffc6a0386.jpeg\" alt=\"\"\/><\/a><\/figure>\n\n\n\n<p>La primera fase abarcar\u00e1 La Lecher\u00eda y Palav\u00e9, como parte de una planificaci\u00f3n interinstitucional iniciada el a\u00f1o pasado. Esta intervenci\u00f3n marca un paso decisivo para frenar la explotaci\u00f3n ilegal de agregados y reafirma el compromiso del Estado dominicano con la protecci\u00f3n de los recursos naturales y el respeto a la ley ambiental.<\/p>\n","protected":false},"excerpt":{"rendered":"<p>Por Lic. Felix Matos El Ministerio de Medio Ambiente y Recursos Naturales inici\u00f3 la intervenci\u00f3n del r\u00edo Haina para recuperar su cauce, restaurar su equilibrio ecol\u00f3gico y detener la extracci\u00f3n ilegal de agregados que por d\u00e9cadas ha degradado la cuenca. Los trabajos se desarrollan entre La Lecher\u00eda y Palav\u00e9, en cumplimiento de la Resoluci\u00f3n 002\u20112026,&#8230;<\/p>\n","protected":false},"author":1,"featured_media":544,"comment_status":"open","ping_status":"open","sticky":false,"template":"","format":"standard","meta":{"footnotes":""},"categories":[3],"tags":[],"class_list":["post-543","post","type-post","status-publish","format-standard","has-post-thumbnail","hentry","category-nacionales"],"yoast_head":"<!-- This site is optimized with the Yoast SEO plugin v27.4 - https:\/\/yoast.com\/product\/yoast-seo-wordpress\/ -->\n<title>Medio Ambiente interviene el r\u00edo Haina para recuperar su cauce y frenar la extracci\u00f3n ilegal - LODEHOYRD.COM<\/title>\n<meta name=\"robots\" content=\"index, follow, max-snippet:-1, max-image-preview:large, max-video-preview:-1\" \/>\n<link rel=\"canonical\" href=\"https:\/\/lodehoyrd.com\/?p=543\" \/>\n<meta property=\"og:locale\" content=\"es_ES\" \/>\n<meta property=\"og:type\" content=\"article\" \/>\n<meta property=\"og:title\" content=\"Medio Ambiente interviene el r\u00edo Haina para recuperar su cauce y frenar la extracci\u00f3n ilegal - LODEHOYRD.COM\" \/>\n<meta property=\"og:description\" content=\"Por Lic. Felix Matos El Ministerio de Medio Ambiente y Recursos Naturales inici\u00f3 la intervenci\u00f3n del r\u00edo Haina para recuperar su cauce, restaurar su equilibrio ecol\u00f3gico y detener la extracci\u00f3n ilegal de agregados que por d\u00e9cadas ha degradado la cuenca. Los trabajos se desarrollan entre La Lecher\u00eda y Palav\u00e9, en cumplimiento de la Resoluci\u00f3n 002\u20112026,...\" \/>\n<meta property=\"og:url\" content=\"https:\/\/lodehoyrd.com\/?p=543\" \/>\n<meta property=\"og:site_name\" content=\"LODEHOYRD.COM\" \/>\n<meta property=\"article:publisher\" content=\"https:\/\/www.facebook.com\/lodeoyrd\/\" \/>\n<meta property=\"article:published_time\" content=\"2026-03-18T03:03:29+00:00\" \/>\n<meta property=\"article:modified_time\" content=\"2026-03-18T04:11:20+00:00\" \/>\n<meta property=\"og:image\" content=\"https:\/\/lodehoyrd.com\/wp-content\/uploads\/2026\/03\/fbf7d2e3-9eb4-48d4-9d80-5969583d6478.jpeg\" \/>\n\t<meta property=\"og:image:width\" content=\"1600\" \/>\n\t<meta property=\"og:image:height\" content=\"1067\" \/>\n\t<meta property=\"og:image:type\" content=\"image\/jpeg\" \/>\n<meta name=\"author\" content=\"estebandelarosa2820@gmail.com\" \/>\n<meta name=\"twitter:card\" content=\"summary_large_image\" \/>\n<meta name=\"twitter:creator\" content=\"@PatriotasDom\" \/>\n<meta name=\"twitter:site\" content=\"@PatriotasDom\" \/>\n<meta name=\"twitter:label1\" content=\"Written by\" \/>\n\t<meta name=\"twitter:data1\" content=\"estebandelarosa2820@gmail.com\" \/>\n\t<meta name=\"twitter:label2\" content=\"Est. reading time\" \/>\n\t<meta name=\"twitter:data2\" content=\"3 minutos\" \/>\n<!-- \/ Yoast SEO plugin. -->","yoast_head_json":{"title":"Medio Ambiente interviene el r\u00edo Haina para recuperar su cauce y frenar la extracci\u00f3n ilegal - LODEHOYRD.COM","robots":{"index":"index","follow":"follow","max-snippet":"max-snippet:-1","max-image-preview":"max-image-preview:large","max-video-preview":"max-video-preview:-1"},"canonical":"https:\/\/lodehoyrd.com\/?p=543","og_locale":"es_ES","og_type":"article","og_title":"Medio Ambiente interviene el r\u00edo Haina para recuperar su cauce y frenar la extracci\u00f3n ilegal - LODEHOYRD.COM","og_description":"Por Lic. Felix Matos El Ministerio de Medio Ambiente y Recursos Naturales inici\u00f3 la intervenci\u00f3n del r\u00edo Haina para recuperar su cauce, restaurar su equilibrio ecol\u00f3gico y detener la extracci\u00f3n ilegal de agregados que por d\u00e9cadas ha degradado la cuenca. Los trabajos se desarrollan entre La Lecher\u00eda y Palav\u00e9, en cumplimiento de la Resoluci\u00f3n 002\u20112026,...","og_url":"https:\/\/lodehoyrd.com\/?p=543","og_site_name":"LODEHOYRD.COM","article_publisher":"https:\/\/www.facebook.com\/lodeoyrd\/","article_published_time":"2026-03-18T03:03:29+00:00","article_modified_time":"2026-03-18T04:11:20+00:00","og_image":[{"width":1600,"height":1067,"url":"https:\/\/lodehoyrd.com\/wp-content\/uploads\/2026\/03\/fbf7d2e3-9eb4-48d4-9d80-5969583d6478.jpeg","type":"image\/jpeg"}],"author":"estebandelarosa2820@gmail.com","twitter_card":"summary_large_image","twitter_creator":"@PatriotasDom","twitter_site":"@PatriotasDom","twitter_misc":{"Written by":"estebandelarosa2820@gmail.com","Est. reading time":"3 minutos"},"schema":{"@context":"https:\/\/schema.org","@graph":[{"@type":"Article","@id":"https:\/\/lodehoyrd.com\/?p=543#article","isPartOf":{"@id":"https:\/\/lodehoyrd.com\/?p=543"},"author":{"name":"estebandelarosa2820@gmail.com","@id":"https:\/\/lodehoyrd.com\/#\/schema\/person\/080cec02e9cd72318c5b8c215402abd7"},"headline":"Medio Ambiente interviene el r\u00edo Haina para recuperar su cauce y frenar la extracci\u00f3n ilegal","datePublished":"2026-03-18T03:03:29+00:00","dateModified":"2026-03-18T04:11:20+00:00","mainEntityOfPage":{"@id":"https:\/\/lodehoyrd.com\/?p=543"},"wordCount":337,"commentCount":0,"publisher":{"@id":"https:\/\/lodehoyrd.com\/#organization"},"image":{"@id":"https:\/\/lodehoyrd.com\/?p=543#primaryimage"},"thumbnailUrl":"https:\/\/lodehoyrd.com\/wp-content\/uploads\/2026\/03\/fbf7d2e3-9eb4-48d4-9d80-5969583d6478.jpeg","articleSection":["NACIONALES"],"inLanguage":"es-DO","potentialAction":[{"@type":"CommentAction","name":"Comment","target":["https:\/\/lodehoyrd.com\/?p=543#respond"]}]},{"@type":"WebPage","@id":"https:\/\/lodehoyrd.com\/?p=543","url":"https:\/\/lodehoyrd.com\/?p=543","name":"Medio Ambiente interviene el r\u00edo Haina para recuperar su cauce y frenar la extracci\u00f3n ilegal - LODEHOYRD.COM","isPartOf":{"@id":"https:\/\/lodehoyrd.com\/#website"},"primaryImageOfPage":{"@id":"https:\/\/lodehoyrd.com\/?p=543#primaryimage"},"image":{"@id":"https:\/\/lodehoyrd.com\/?p=543#primaryimage"},"thumbnailUrl":"https:\/\/lodehoyrd.com\/wp-content\/uploads\/2026\/03\/fbf7d2e3-9eb4-48d4-9d80-5969583d6478.jpeg","datePublished":"2026-03-18T03:03:29+00:00","dateModified":"2026-03-18T04:11:20+00:00","breadcrumb":{"@id":"https:\/\/lodehoyrd.com\/?p=543#breadcrumb"},"inLanguage":"es-DO","potentialAction":[{"@type":"ReadAction","target":["https:\/\/lodehoyrd.com\/?p=543"]}]},{"@type":"ImageObject","inLanguage":"es-DO","@id":"https:\/\/lodehoyrd.com\/?p=543#primaryimage","url":"https:\/\/lodehoyrd.com\/wp-content\/uploads\/2026\/03\/fbf7d2e3-9eb4-48d4-9d80-5969583d6478.jpeg","contentUrl":"https:\/\/lodehoyrd.com\/wp-content\/uploads\/2026\/03\/fbf7d2e3-9eb4-48d4-9d80-5969583d6478.jpeg","width":1600,"height":1067},{"@type":"BreadcrumbList","@id":"https:\/\/lodehoyrd.com\/?p=543#breadcrumb","itemListElement":[{"@type":"ListItem","position":1,"name":"Home","item":"https:\/\/lodehoyrd.com\/"},{"@type":"ListItem","position":2,"name":"Medio Ambiente interviene el r\u00edo Haina para recuperar su cauce y frenar la extracci\u00f3n ilegal"}]},{"@type":"WebSite","@id":"https:\/\/lodehoyrd.com\/#website","url":"https:\/\/lodehoyrd.com\/","name":"LODEHOYRD.COM","description":"INFORMACION ACTUAL Y VERAZ ","publisher":{"@id":"https:\/\/lodehoyrd.com\/#organization"},"potentialAction":[{"@type":"SearchAction","target":{"@type":"EntryPoint","urlTemplate":"https:\/\/lodehoyrd.com\/?s={search_term_string}"},"query-input":{"@type":"PropertyValueSpecification","valueRequired":true,"valueName":"search_term_string"}}],"inLanguage":"es-DO"},{"@type":"Organization","@id":"https:\/\/lodehoyrd.com\/#organization","name":"LODEHOYRD","url":"https:\/\/lodehoyrd.com\/","logo":{"@type":"ImageObject","inLanguage":"es-DO","@id":"https:\/\/lodehoyrd.com\/#\/schema\/logo\/image\/","url":"https:\/\/lodehoyrd.com\/wp-content\/uploads\/2026\/01\/cropped-587839248_1764678434311177_7454960250106730443_n.jpg","contentUrl":"https:\/\/lodehoyrd.com\/wp-content\/uploads\/2026\/01\/cropped-587839248_1764678434311177_7454960250106730443_n.jpg","width":512,"height":512,"caption":"LODEHOYRD"},"image":{"@id":"https:\/\/lodehoyrd.com\/#\/schema\/logo\/image\/"},"sameAs":["https:\/\/www.facebook.com\/lodeoyrd\/","https:\/\/x.com\/PatriotasDom","https:\/\/www.instagram.com\/lodehoyr\/","https:\/\/www.tiktok.com\/@lodehoyrd"]},{"@type":"Person","@id":"https:\/\/lodehoyrd.com\/#\/schema\/person\/080cec02e9cd72318c5b8c215402abd7","name":"estebandelarosa2820@gmail.com","image":{"@type":"ImageObject","inLanguage":"es-DO","@id":"https:\/\/secure.gravatar.com\/avatar\/cb4cce556556a7dd79eed4e5ff8c9cc5af640bad7cbcc06114b5f9300bb6f631?s=96&d=mm&r=g","url":"https:\/\/secure.gravatar.com\/avatar\/cb4cce556556a7dd79eed4e5ff8c9cc5af640bad7cbcc06114b5f9300bb6f631?s=96&d=mm&r=g","contentUrl":"https:\/\/secure.gravatar.com\/avatar\/cb4cce556556a7dd79eed4e5ff8c9cc5af640bad7cbcc06114b5f9300bb6f631?s=96&d=mm&r=g","caption":"estebandelarosa2820@gmail.com"},"sameAs":["https:\/\/lodehoyrd.com"],"url":"https:\/\/lodehoyrd.com\/?author=1"}]}},"_links":{"self":[{"href":"https:\/\/lodehoyrd.com\/index.php?rest_route=\/wp\/v2\/posts\/543","targetHints":{"allow":["GET"]}}],"collection":[{"href":"https:\/\/lodehoyrd.com\/index.php?rest_route=\/wp\/v2\/posts"}],"about":[{"href":"https:\/\/lodehoyrd.com\/index.php?rest_route=\/wp\/v2\/types\/post"}],"author":[{"embeddable":true,"href":"https:\/\/lodehoyrd.com\/index.php?rest_route=\/wp\/v2\/users\/1"}],"replies":[{"embeddable":true,"href":"https:\/\/lodehoyrd.com\/index.php?rest_route=%2Fwp%2Fv2%2Fcomments&post=543"}],"version-history":[{"count":1,"href":"https:\/\/lodehoyrd.com\/index.php?rest_route=\/wp\/v2\/posts\/543\/revisions"}],"predecessor-version":[{"id":545,"href":"https:\/\/lodehoyrd.com\/index.php?rest_route=\/wp\/v2\/posts\/543\/revisions\/545"}],"wp:featuredmedia":[{"embeddable":true,"href":"https:\/\/lodehoyrd.com\/index.php?rest_route=\/wp\/v2\/media\/544"}],"wp:attachment":[{"href":"https:\/\/lodehoyrd.com\/index.php?rest_route=%2Fwp%2Fv2%2Fmedia&parent=543"}],"wp:term":[{"taxonomy":"category","embeddable":true,"href":"https:\/\/lodehoyrd.com\/index.php?rest_route=%2Fwp%2Fv2%2Fcategories&post=543"},{"taxonomy":"post_tag","embeddable":true,"href":"https:\/\/lodehoyrd.com\/index.php?rest_route=%2Fwp%2Fv2%2Ftags&post=543"}],"curies":[{"name":"wp","href":"https:\/\/api.w.org\/{rel}","templated":true}]}}