{"id":533,"date":"2026-03-17T20:15:58","date_gmt":"2026-03-18T00:15:58","guid":{"rendered":"https:\/\/lodehoyrd.com\/?p=533"},"modified":"2026-03-17T20:15:58","modified_gmt":"2026-03-18T00:15:58","slug":"tsa-conoce-caso-sobre-motocicleta-incautada-ilegal-y-arbitrariamente","status":"publish","type":"post","link":"https:\/\/lodehoyrd.com\/?p=533","title":{"rendered":"TSA conoce caso sobre motocicleta incautada ilegal y arbitrariamente"},"content":{"rendered":"\n<p><\/p>\n\n\n\n<p>SANTO DOMINGO.-. El Tribunal Superior Administrativo (TSA) conoci\u00f3 este lunes la audiencia del impuesta por el ciudadano Abdias A. Estrella Rodr\u00edguez, en contra de la Direcci\u00f3n General de Seguridad de Tr\u00e1nsito y Transporte Terrestre (DIGESETT), la Ministerio de Interior y Polic\u00eda, y la Polic\u00eda Nacional, adem\u00e1s, de sus representantes Dra. Virginia Faride Raful, Mayor General Ram\u00f3n Antonio Guzm\u00e1n Peralta y General Pascual Cruz M\u00e9ndez.<\/p>\n\n\n\n<p>Estrella Rodr\u00edguez, asisti\u00f3 al tribunal, representado por su abogado Lic. F\u00e9lix Jim\u00e9nez Campusano, para conocer la vista del expediente n\u00famero 0297229 en la Tercera Sala del TSA.<\/p>\n\n\n\n<p>El recurrente sostuvo que la ministra Faride, mayor general retirado Guzm\u00e1n Peralta y General Pascual Cruz M\u00e9ndez, fueron demandados por no haber cumplido con el art\u00edculo 48, sobre la omisi\u00f3n ante la vigilancia y supervisi\u00f3n de sus subalternos.<\/p>\n\n\n\n<p>La disputa se centra en la desaparici\u00f3n de una motocicleta que fue incautada de forma ilegal y arbitraria por el oficial de la Polic\u00eda Nacional, Domingo E. Marcano Lebron, particularmente sobre maltrato y exceso policial que hubo en dicho escenario.<\/p>\n\n\n\n<p>Seg\u00fan el interrogatorio, el oficial aleg\u00f3 haber entregado la motocicleta al destacamento C3, ubicado en Villa Marina, Km 9 de la Autopista Duarte. Sin embargo, el destacamento inform\u00f3 mediante certificaci\u00f3n policial que la motocicleta fue entregada a la DIGESETT, y hasta la fecha se desconoce su paradero.<\/p>\n\n\n\n<p>La situaci\u00f3n es cuestionada, ya que no existe caso judicial que vincule el veh\u00edculo ni al recurrente con alg\u00fan delito, ni sentencia que justifique su retenci\u00f3n. La v\u00edctima espera que el tribunal esclarezca los hechos y que determine una sentencia ejemplar a los involucrados correspondientes.<\/p>\n","protected":false},"excerpt":{"rendered":"<p>SANTO DOMINGO.-. El Tribunal Superior Administrativo (TSA) conoci\u00f3 este lunes la audiencia del impuesta por el ciudadano Abdias A. Estrella Rodr\u00edguez, en contra de la Direcci\u00f3n General de Seguridad de Tr\u00e1nsito y Transporte Terrestre (DIGESETT), la Ministerio de Interior y Polic\u00eda, y la Polic\u00eda Nacional, adem\u00e1s, de sus representantes Dra. Virginia Faride Raful, Mayor General&#8230;<\/p>\n","protected":false},"author":1,"featured_media":534,"comment_status":"open","ping_status":"open","sticky":false,"template":"","format":"standard","meta":{"footnotes":""},"categories":[3],"tags":[],"class_list":["post-533","post","type-post","status-publish","format-standard","has-post-thumbnail","hentry","category-nacionales"],"yoast_head":"<!-- This site is optimized with the Yoast SEO plugin v27.4 - https:\/\/yoast.com\/product\/yoast-seo-wordpress\/ -->\n<title>TSA conoce caso sobre motocicleta incautada ilegal y arbitrariamente - LODEHOYRD.COM<\/title>\n<meta name=\"robots\" content=\"index, follow, max-snippet:-1, max-image-preview:large, max-video-preview:-1\" \/>\n<link rel=\"canonical\" href=\"https:\/\/lodehoyrd.com\/?p=533\" \/>\n<meta property=\"og:locale\" content=\"es_ES\" \/>\n<meta property=\"og:type\" content=\"article\" \/>\n<meta property=\"og:title\" content=\"TSA conoce caso sobre motocicleta incautada ilegal y arbitrariamente - LODEHOYRD.COM\" \/>\n<meta property=\"og:description\" content=\"SANTO DOMINGO.-. El Tribunal Superior Administrativo (TSA) conoci\u00f3 este lunes la audiencia del impuesta por el ciudadano Abdias A. Estrella Rodr\u00edguez, en contra de la Direcci\u00f3n General de Seguridad de Tr\u00e1nsito y Transporte Terrestre (DIGESETT), la Ministerio de Interior y Polic\u00eda, y la Polic\u00eda Nacional, adem\u00e1s, de sus representantes Dra. Virginia Faride Raful, Mayor General...\" \/>\n<meta property=\"og:url\" content=\"https:\/\/lodehoyrd.com\/?p=533\" \/>\n<meta property=\"og:site_name\" content=\"LODEHOYRD.COM\" \/>\n<meta property=\"article:publisher\" content=\"https:\/\/www.facebook.com\/lodeoyrd\/\" \/>\n<meta property=\"article:published_time\" content=\"2026-03-18T00:15:58+00:00\" \/>\n<meta property=\"og:image\" content=\"https:\/\/lodehoyrd.com\/wp-content\/uploads\/2026\/03\/WhatsApp-Image-2026-03-17-at-5.27.01-PM.jpeg\" \/>\n\t<meta property=\"og:image:width\" content=\"900\" \/>\n\t<meta property=\"og:image:height\" content=\"363\" \/>\n\t<meta property=\"og:image:type\" content=\"image\/jpeg\" \/>\n<meta name=\"author\" content=\"estebandelarosa2820@gmail.com\" \/>\n<meta name=\"twitter:card\" content=\"summary_large_image\" \/>\n<meta name=\"twitter:creator\" content=\"@PatriotasDom\" \/>\n<meta name=\"twitter:site\" content=\"@PatriotasDom\" \/>\n<meta name=\"twitter:label1\" content=\"Written by\" \/>\n\t<meta name=\"twitter:data1\" content=\"estebandelarosa2820@gmail.com\" \/>\n\t<meta name=\"twitter:label2\" content=\"Est. reading time\" \/>\n\t<meta name=\"twitter:data2\" content=\"2 minutos\" \/>\n<!-- \/ Yoast SEO plugin. -->","yoast_head_json":{"title":"TSA conoce caso sobre motocicleta incautada ilegal y arbitrariamente - LODEHOYRD.COM","robots":{"index":"index","follow":"follow","max-snippet":"max-snippet:-1","max-image-preview":"max-image-preview:large","max-video-preview":"max-video-preview:-1"},"canonical":"https:\/\/lodehoyrd.com\/?p=533","og_locale":"es_ES","og_type":"article","og_title":"TSA conoce caso sobre motocicleta incautada ilegal y arbitrariamente - LODEHOYRD.COM","og_description":"SANTO DOMINGO.-. El Tribunal Superior Administrativo (TSA) conoci\u00f3 este lunes la audiencia del impuesta por el ciudadano Abdias A. Estrella Rodr\u00edguez, en contra de la Direcci\u00f3n General de Seguridad de Tr\u00e1nsito y Transporte Terrestre (DIGESETT), la Ministerio de Interior y Polic\u00eda, y la Polic\u00eda Nacional, adem\u00e1s, de sus representantes Dra. Virginia Faride Raful, Mayor General...","og_url":"https:\/\/lodehoyrd.com\/?p=533","og_site_name":"LODEHOYRD.COM","article_publisher":"https:\/\/www.facebook.com\/lodeoyrd\/","article_published_time":"2026-03-18T00:15:58+00:00","og_image":[{"width":900,"height":363,"url":"https:\/\/lodehoyrd.com\/wp-content\/uploads\/2026\/03\/WhatsApp-Image-2026-03-17-at-5.27.01-PM.jpeg","type":"image\/jpeg"}],"author":"estebandelarosa2820@gmail.com","twitter_card":"summary_large_image","twitter_creator":"@PatriotasDom","twitter_site":"@PatriotasDom","twitter_misc":{"Written by":"estebandelarosa2820@gmail.com","Est. reading time":"2 minutos"},"schema":{"@context":"https:\/\/schema.org","@graph":[{"@type":"Article","@id":"https:\/\/lodehoyrd.com\/?p=533#article","isPartOf":{"@id":"https:\/\/lodehoyrd.com\/?p=533"},"author":{"name":"estebandelarosa2820@gmail.com","@id":"https:\/\/lodehoyrd.com\/#\/schema\/person\/080cec02e9cd72318c5b8c215402abd7"},"headline":"TSA conoce caso sobre motocicleta incautada ilegal y arbitrariamente","datePublished":"2026-03-18T00:15:58+00:00","mainEntityOfPage":{"@id":"https:\/\/lodehoyrd.com\/?p=533"},"wordCount":295,"commentCount":0,"publisher":{"@id":"https:\/\/lodehoyrd.com\/#organization"},"image":{"@id":"https:\/\/lodehoyrd.com\/?p=533#primaryimage"},"thumbnailUrl":"https:\/\/lodehoyrd.com\/wp-content\/uploads\/2026\/03\/WhatsApp-Image-2026-03-17-at-5.27.01-PM.jpeg","articleSection":["NACIONALES"],"inLanguage":"es-DO","potentialAction":[{"@type":"CommentAction","name":"Comment","target":["https:\/\/lodehoyrd.com\/?p=533#respond"]}]},{"@type":"WebPage","@id":"https:\/\/lodehoyrd.com\/?p=533","url":"https:\/\/lodehoyrd.com\/?p=533","name":"TSA conoce caso sobre motocicleta incautada ilegal y arbitrariamente - LODEHOYRD.COM","isPartOf":{"@id":"https:\/\/lodehoyrd.com\/#website"},"primaryImageOfPage":{"@id":"https:\/\/lodehoyrd.com\/?p=533#primaryimage"},"image":{"@id":"https:\/\/lodehoyrd.com\/?p=533#primaryimage"},"thumbnailUrl":"https:\/\/lodehoyrd.com\/wp-content\/uploads\/2026\/03\/WhatsApp-Image-2026-03-17-at-5.27.01-PM.jpeg","datePublished":"2026-03-18T00:15:58+00:00","breadcrumb":{"@id":"https:\/\/lodehoyrd.com\/?p=533#breadcrumb"},"inLanguage":"es-DO","potentialAction":[{"@type":"ReadAction","target":["https:\/\/lodehoyrd.com\/?p=533"]}]},{"@type":"ImageObject","inLanguage":"es-DO","@id":"https:\/\/lodehoyrd.com\/?p=533#primaryimage","url":"https:\/\/lodehoyrd.com\/wp-content\/uploads\/2026\/03\/WhatsApp-Image-2026-03-17-at-5.27.01-PM.jpeg","contentUrl":"https:\/\/lodehoyrd.com\/wp-content\/uploads\/2026\/03\/WhatsApp-Image-2026-03-17-at-5.27.01-PM.jpeg","width":900,"height":363},{"@type":"BreadcrumbList","@id":"https:\/\/lodehoyrd.com\/?p=533#breadcrumb","itemListElement":[{"@type":"ListItem","position":1,"name":"Home","item":"https:\/\/lodehoyrd.com\/"},{"@type":"ListItem","position":2,"name":"TSA conoce caso sobre motocicleta incautada ilegal y arbitrariamente"}]},{"@type":"WebSite","@id":"https:\/\/lodehoyrd.com\/#website","url":"https:\/\/lodehoyrd.com\/","name":"LODEHOYRD.COM","description":"INFORMACION ACTUAL Y VERAZ ","publisher":{"@id":"https:\/\/lodehoyrd.com\/#organization"},"potentialAction":[{"@type":"SearchAction","target":{"@type":"EntryPoint","urlTemplate":"https:\/\/lodehoyrd.com\/?s={search_term_string}"},"query-input":{"@type":"PropertyValueSpecification","valueRequired":true,"valueName":"search_term_string"}}],"inLanguage":"es-DO"},{"@type":"Organization","@id":"https:\/\/lodehoyrd.com\/#organization","name":"LODEHOYRD","url":"https:\/\/lodehoyrd.com\/","logo":{"@type":"ImageObject","inLanguage":"es-DO","@id":"https:\/\/lodehoyrd.com\/#\/schema\/logo\/image\/","url":"https:\/\/lodehoyrd.com\/wp-content\/uploads\/2026\/01\/cropped-587839248_1764678434311177_7454960250106730443_n.jpg","contentUrl":"https:\/\/lodehoyrd.com\/wp-content\/uploads\/2026\/01\/cropped-587839248_1764678434311177_7454960250106730443_n.jpg","width":512,"height":512,"caption":"LODEHOYRD"},"image":{"@id":"https:\/\/lodehoyrd.com\/#\/schema\/logo\/image\/"},"sameAs":["https:\/\/www.facebook.com\/lodeoyrd\/","https:\/\/x.com\/PatriotasDom","https:\/\/www.instagram.com\/lodehoyr\/","https:\/\/www.tiktok.com\/@lodehoyrd"]},{"@type":"Person","@id":"https:\/\/lodehoyrd.com\/#\/schema\/person\/080cec02e9cd72318c5b8c215402abd7","name":"estebandelarosa2820@gmail.com","image":{"@type":"ImageObject","inLanguage":"es-DO","@id":"https:\/\/secure.gravatar.com\/avatar\/cb4cce556556a7dd79eed4e5ff8c9cc5af640bad7cbcc06114b5f9300bb6f631?s=96&d=mm&r=g","url":"https:\/\/secure.gravatar.com\/avatar\/cb4cce556556a7dd79eed4e5ff8c9cc5af640bad7cbcc06114b5f9300bb6f631?s=96&d=mm&r=g","contentUrl":"https:\/\/secure.gravatar.com\/avatar\/cb4cce556556a7dd79eed4e5ff8c9cc5af640bad7cbcc06114b5f9300bb6f631?s=96&d=mm&r=g","caption":"estebandelarosa2820@gmail.com"},"sameAs":["https:\/\/lodehoyrd.com"],"url":"https:\/\/lodehoyrd.com\/?author=1"}]}},"_links":{"self":[{"href":"https:\/\/lodehoyrd.com\/index.php?rest_route=\/wp\/v2\/posts\/533","targetHints":{"allow":["GET"]}}],"collection":[{"href":"https:\/\/lodehoyrd.com\/index.php?rest_route=\/wp\/v2\/posts"}],"about":[{"href":"https:\/\/lodehoyrd.com\/index.php?rest_route=\/wp\/v2\/types\/post"}],"author":[{"embeddable":true,"href":"https:\/\/lodehoyrd.com\/index.php?rest_route=\/wp\/v2\/users\/1"}],"replies":[{"embeddable":true,"href":"https:\/\/lodehoyrd.com\/index.php?rest_route=%2Fwp%2Fv2%2Fcomments&post=533"}],"version-history":[{"count":1,"href":"https:\/\/lodehoyrd.com\/index.php?rest_route=\/wp\/v2\/posts\/533\/revisions"}],"predecessor-version":[{"id":535,"href":"https:\/\/lodehoyrd.com\/index.php?rest_route=\/wp\/v2\/posts\/533\/revisions\/535"}],"wp:featuredmedia":[{"embeddable":true,"href":"https:\/\/lodehoyrd.com\/index.php?rest_route=\/wp\/v2\/media\/534"}],"wp:attachment":[{"href":"https:\/\/lodehoyrd.com\/index.php?rest_route=%2Fwp%2Fv2%2Fmedia&parent=533"}],"wp:term":[{"taxonomy":"category","embeddable":true,"href":"https:\/\/lodehoyrd.com\/index.php?rest_route=%2Fwp%2Fv2%2Fcategories&post=533"},{"taxonomy":"post_tag","embeddable":true,"href":"https:\/\/lodehoyrd.com\/index.php?rest_route=%2Fwp%2Fv2%2Ftags&post=533"}],"curies":[{"name":"wp","href":"https:\/\/api.w.org\/{rel}","templated":true}]}}