{"id":521,"date":"2026-03-15T16:09:51","date_gmt":"2026-03-15T20:09:51","guid":{"rendered":"https:\/\/lodehoyrd.com\/?p=521"},"modified":"2026-03-15T16:09:51","modified_gmt":"2026-03-15T20:09:51","slug":"instituto-duartiano-conmemora-el-182-aniversario-del-regreso-triunfal-de-duarte","status":"publish","type":"post","link":"https:\/\/lodehoyrd.com\/?p=521","title":{"rendered":"Instituto Duartiano conmemora el 182 aniversario del regreso triunfal de Duarte"},"content":{"rendered":"\n<p><\/p>\n\n\n\n<p>El presidente de la entidad, Wilson G\u00f3mez Ram\u00edrez, resalt\u00f3 la vigencia del ideario del patricio durante un acto solemne que cont\u00f3 con la participaci\u00f3n de las autoridades del buque escuela de la del buque escuela de la armada de Espa\u00f1a, Juan Sebasti\u00e1n Elcano.<\/p>\n\n\n\n<p>Sans Souc\u00ed, Santo Domingo Este.- Con el sonido del clar\u00edn, marchas, himnos y solemnes discursos patri\u00f3ticos, el Instituto Duartiano (ID), en coordinaci\u00f3n de la Armada de la Rep\u00fablica Dominicana (ARD), conmemor\u00f3 este domingo el 182 aniversario del regreso triunfal de Juan Pablo Duarte al territorio nacional, tras la proclamaci\u00f3n de la Independencia Nacional de 1844.<\/p>\n\n\n\n<p>El acto se llev\u00f3 a cabo en el Santuario de las Tortugas Marinas, en la base naval de Sans Souc\u00ed, frente a las aguas caribe\u00f1as, espacio donde se rememor\u00f3 aquel hist\u00f3rico 15 de marzo de 1844, cuando el fundador de la Rep\u00fablica, con su arribo, pudo poner fin a su forzoso exilio para integrarse a las acciones del naciente Estado.<\/p>\n\n\n\n<p>En el discurso central, el presidente del Instituto Duartiano, Wilson G\u00f3mez Ram\u00edrez, afirm\u00f3 que el l\u00edder trinitario, tras proclamarse la Independencia Nacional, regres\u00f3 al pa\u00eds desde Curazao en la goleta \u201cLeonor\u201d, capitaneada por el patriota Juan Alejandro Acosta, en horas de la noche del 14 de marzo de 1844, y desembarc\u00f3 en la ma\u00f1ana de aquel hist\u00f3rico d\u00eda 15.<\/p>\n\n\n\n<p>Evoc\u00f3 la magnitud del recibimiento que el pueblo y las autoridades de la \u00e9poca dispensaron al l\u00edder trinitario, \u201cocasi\u00f3n en la cual las autoridades y todos los presentes oyeron en el puerto de Santo Domingo la exclamaci\u00f3n \u00a1salve, padre de la Patria! del vicario general de la Arquidi\u00f3cesis, Tom\u00e1s de Portes e Infante\u201d, adujo.<\/p>\n\n\n\n<p>Agreg\u00f3 que \"tan pronto puso pie en tierra, junto a los pr\u00f3ceres Juan Isidro P\u00e9rez y Pedro Alejandrino Pina, desde la Fortaleza Ozama, dada la investidura de Duarte, se dispararon 21 ca\u00f1onazos; luego se traslad\u00f3 a la Plaza de Armas donde fue proclamado jefe del Ej\u00e9rcito de la Rep\u00fablica\", relat\u00f3 G\u00f3mez Ram\u00edrez, se\u00f1alando adem\u00e1s el contraste hist\u00f3rico de que, pese al fervor popular, sus adversarios en la Junta Central Gubernativa solo le otorgaron el rango de general de brigada.<\/p>\n\n\n\n<p>Por su parte, el contraalmirante Juan Gilberto N\u00fa\u00f1ez, inspector general de la Armada de la Rep\u00fablica Dominicana (ARD), destac\u00f3 que la llegada de Duarte en 1844 no fue un simple retorno, sino el factor de cohesi\u00f3n necesario para reforzar el sentimiento patri\u00f3tico y establecer las bases de la soberan\u00eda.<\/p>\n\n\n\n<p>El alto militar, quien ostent\u00f3, la representaci\u00f3n del comandante de la instituci\u00f3n, vicealmirante Juan Bienvenido Cris\u00f3stomo Mart\u00ednez, agreg\u00f3 que \u201cla Armada estuvo presente en las acciones que se suscitaron en la conformaci\u00f3n de la Rep\u00fablica, Juan Alejandro Acosta fue un digno y valiente trinitario que se esforz\u00f3 para que se institucionalizada la Marina y naciera con el surgimiento mismo del Estado dominicano\u201d.<\/p>\n\n\n\n<p>A la actividad asistieron autoridades del buque escuela de la Armada de Espa\u00f1a Juan Sebasti\u00e1n Elcano, encabezada por el capit\u00e1n de nav\u00edo Jos\u00e9 Mar\u00eda de la Puente Mora-Figueroa, cuya tripulaci\u00f3n est\u00e1 conformada 73 guardiamarinas.<\/p>\n\n\n\n<p>El buque atrac\u00f3 en el puerto de Punta Torrecillas, Sans Souc\u00ed, y es un crucero de instrucci\u00f3n que cumplir\u00e1 su centenario en el 2027 y colabora en el proceso de formaci\u00f3n de los guardiamarinas de varios pa\u00edses, incluyendo el nuestro.<\/p>\n\n\n\n<p>Simbolog\u00eda y honor<\/p>\n\n\n\n<p>La ceremonia incluy\u00f3 un emotivo desfile militar encabezado por los miembros del Instituto Duartiano y las autoridades de la Armada, bajo la ejecuci\u00f3n de las marchas interpretadas por la banda de m\u00fasica de ese cuerpo castrense, bajo el ondear predominante de la bandera nacional.<\/p>\n\n\n\n<p>La ofrenda floral depositada ante el monumento al patricio, precedida por la interpretaci\u00f3n del himno nacional, reafirm\u00f3 el compromiso de los duartianos con el legado independentista.<\/p>\n\n\n\n<p>Como cierre, y, al comp\u00e1s del himno a Duarte, los presentes arrojaron flores a los vientos que cayeron con gracia en las c\u00e1lidas aguas del mar Caribe, gesto con el que los duartianos, junto a miembros de la Armada, de manera ya tradicional, manifiestan el simbolismo de la gratitud eterna de la naci\u00f3n hacia su fundador.<\/p>\n\n\n\n<hr class=\"wp-block-separator has-alpha-channel-opacity\"\/>\n\n\n\n<p>Info adicional y contacto medios:<\/p>\n\n\n\n<p>Enver L\u00f3pez Milander<br>Celular y WS 809.258.4829<br>Email: enver@rlopezasociados.com<\/p>\n","protected":false},"excerpt":{"rendered":"<p>El presidente de la entidad, Wilson G\u00f3mez Ram\u00edrez, resalt\u00f3 la vigencia del ideario del patricio durante un acto solemne que cont\u00f3 con la participaci\u00f3n de las autoridades del buque escuela de la del buque escuela de la armada de Espa\u00f1a, Juan Sebasti\u00e1n Elcano. Sans Souc\u00ed, Santo Domingo Este.- Con el sonido del clar\u00edn, marchas, himnos&#8230;<\/p>\n","protected":false},"author":1,"featured_media":522,"comment_status":"open","ping_status":"open","sticky":false,"template":"","format":"standard","meta":{"footnotes":""},"categories":[3],"tags":[],"class_list":["post-521","post","type-post","status-publish","format-standard","has-post-thumbnail","hentry","category-nacionales"],"yoast_head":"<!-- This site is optimized with the Yoast SEO plugin v27.4 - https:\/\/yoast.com\/product\/yoast-seo-wordpress\/ -->\n<title>Instituto Duartiano conmemora el 182 aniversario del regreso triunfal de Duarte - LODEHOYRD.COM<\/title>\n<meta name=\"robots\" content=\"index, follow, max-snippet:-1, max-image-preview:large, max-video-preview:-1\" \/>\n<link rel=\"canonical\" href=\"https:\/\/lodehoyrd.com\/?p=521\" \/>\n<meta property=\"og:locale\" content=\"es_ES\" \/>\n<meta property=\"og:type\" content=\"article\" \/>\n<meta property=\"og:title\" content=\"Instituto Duartiano conmemora el 182 aniversario del regreso triunfal de Duarte - LODEHOYRD.COM\" \/>\n<meta property=\"og:description\" content=\"El presidente de la entidad, Wilson G\u00f3mez Ram\u00edrez, resalt\u00f3 la vigencia del ideario del patricio durante un acto solemne que cont\u00f3 con la participaci\u00f3n de las autoridades del buque escuela de la del buque escuela de la armada de Espa\u00f1a, Juan Sebasti\u00e1n Elcano. Sans Souc\u00ed, Santo Domingo Este.- Con el sonido del clar\u00edn, marchas, himnos...\" \/>\n<meta property=\"og:url\" content=\"https:\/\/lodehoyrd.com\/?p=521\" \/>\n<meta property=\"og:site_name\" content=\"LODEHOYRD.COM\" \/>\n<meta property=\"article:publisher\" content=\"https:\/\/www.facebook.com\/lodeoyrd\/\" \/>\n<meta property=\"article:published_time\" content=\"2026-03-15T20:09:51+00:00\" \/>\n<meta property=\"og:image\" content=\"https:\/\/lodehoyrd.com\/wp-content\/uploads\/2026\/03\/WhatsApp-Image-2026-03-15-at-1.23.02-PM.jpeg\" \/>\n\t<meta property=\"og:image:width\" content=\"591\" \/>\n\t<meta property=\"og:image:height\" content=\"1280\" \/>\n\t<meta property=\"og:image:type\" content=\"image\/jpeg\" \/>\n<meta name=\"author\" content=\"estebandelarosa2820@gmail.com\" \/>\n<meta name=\"twitter:card\" content=\"summary_large_image\" \/>\n<meta name=\"twitter:creator\" content=\"@PatriotasDom\" \/>\n<meta name=\"twitter:site\" content=\"@PatriotasDom\" \/>\n<meta name=\"twitter:label1\" content=\"Written by\" \/>\n\t<meta name=\"twitter:data1\" content=\"estebandelarosa2820@gmail.com\" \/>\n\t<meta name=\"twitter:label2\" content=\"Est. reading time\" \/>\n\t<meta name=\"twitter:data2\" content=\"4 minutos\" \/>\n<script type=\"application\/ld+json\" class=\"yoast-schema-graph\">{\"@context\":\"https:\\\/\\\/schema.org\",\"@graph\":[{\"@type\":\"Article\",\"@id\":\"https:\\\/\\\/lodehoyrd.com\\\/?p=521#article\",\"isPartOf\":{\"@id\":\"https:\\\/\\\/lodehoyrd.com\\\/?p=521\"},\"author\":{\"name\":\"estebandelarosa2820@gmail.com\",\"@id\":\"https:\\\/\\\/lodehoyrd.com\\\/#\\\/schema\\\/person\\\/080cec02e9cd72318c5b8c215402abd7\"},\"headline\":\"Instituto Duartiano conmemora el 182 aniversario del regreso triunfal de Duarte\",\"datePublished\":\"2026-03-15T20:09:51+00:00\",\"mainEntityOfPage\":{\"@id\":\"https:\\\/\\\/lodehoyrd.com\\\/?p=521\"},\"wordCount\":741,\"commentCount\":0,\"publisher\":{\"@id\":\"https:\\\/\\\/lodehoyrd.com\\\/#organization\"},\"image\":{\"@id\":\"https:\\\/\\\/lodehoyrd.com\\\/?p=521#primaryimage\"},\"thumbnailUrl\":\"https:\\\/\\\/lodehoyrd.com\\\/wp-content\\\/uploads\\\/2026\\\/03\\\/WhatsApp-Image-2026-03-15-at-1.23.02-PM.jpeg\",\"articleSection\":[\"NACIONALES\"],\"inLanguage\":\"es-DO\",\"potentialAction\":[{\"@type\":\"CommentAction\",\"name\":\"Comment\",\"target\":[\"https:\\\/\\\/lodehoyrd.com\\\/?p=521#respond\"]}]},{\"@type\":\"WebPage\",\"@id\":\"https:\\\/\\\/lodehoyrd.com\\\/?p=521\",\"url\":\"https:\\\/\\\/lodehoyrd.com\\\/?p=521\",\"name\":\"Instituto Duartiano conmemora el 182 aniversario del regreso triunfal de Duarte - LODEHOYRD.COM\",\"isPartOf\":{\"@id\":\"https:\\\/\\\/lodehoyrd.com\\\/#website\"},\"primaryImageOfPage\":{\"@id\":\"https:\\\/\\\/lodehoyrd.com\\\/?p=521#primaryimage\"},\"image\":{\"@id\":\"https:\\\/\\\/lodehoyrd.com\\\/?p=521#primaryimage\"},\"thumbnailUrl\":\"https:\\\/\\\/lodehoyrd.com\\\/wp-content\\\/uploads\\\/2026\\\/03\\\/WhatsApp-Image-2026-03-15-at-1.23.02-PM.jpeg\",\"datePublished\":\"2026-03-15T20:09:51+00:00\",\"breadcrumb\":{\"@id\":\"https:\\\/\\\/lodehoyrd.com\\\/?p=521#breadcrumb\"},\"inLanguage\":\"es-DO\",\"potentialAction\":[{\"@type\":\"ReadAction\",\"target\":[\"https:\\\/\\\/lodehoyrd.com\\\/?p=521\"]}]},{\"@type\":\"ImageObject\",\"inLanguage\":\"es-DO\",\"@id\":\"https:\\\/\\\/lodehoyrd.com\\\/?p=521#primaryimage\",\"url\":\"https:\\\/\\\/lodehoyrd.com\\\/wp-content\\\/uploads\\\/2026\\\/03\\\/WhatsApp-Image-2026-03-15-at-1.23.02-PM.jpeg\",\"contentUrl\":\"https:\\\/\\\/lodehoyrd.com\\\/wp-content\\\/uploads\\\/2026\\\/03\\\/WhatsApp-Image-2026-03-15-at-1.23.02-PM.jpeg\",\"width\":591,\"height\":1280},{\"@type\":\"BreadcrumbList\",\"@id\":\"https:\\\/\\\/lodehoyrd.com\\\/?p=521#breadcrumb\",\"itemListElement\":[{\"@type\":\"ListItem\",\"position\":1,\"name\":\"Home\",\"item\":\"https:\\\/\\\/lodehoyrd.com\\\/\"},{\"@type\":\"ListItem\",\"position\":2,\"name\":\"Instituto Duartiano conmemora el 182 aniversario del regreso triunfal de Duarte\"}]},{\"@type\":\"WebSite\",\"@id\":\"https:\\\/\\\/lodehoyrd.com\\\/#website\",\"url\":\"https:\\\/\\\/lodehoyrd.com\\\/\",\"name\":\"LODEHOYRD.COM\",\"description\":\"INFORMACION ACTUAL Y VERAZ \",\"publisher\":{\"@id\":\"https:\\\/\\\/lodehoyrd.com\\\/#organization\"},\"potentialAction\":[{\"@type\":\"SearchAction\",\"target\":{\"@type\":\"EntryPoint\",\"urlTemplate\":\"https:\\\/\\\/lodehoyrd.com\\\/?s={search_term_string}\"},\"query-input\":{\"@type\":\"PropertyValueSpecification\",\"valueRequired\":true,\"valueName\":\"search_term_string\"}}],\"inLanguage\":\"es-DO\"},{\"@type\":\"Organization\",\"@id\":\"https:\\\/\\\/lodehoyrd.com\\\/#organization\",\"name\":\"LODEHOYRD\",\"url\":\"https:\\\/\\\/lodehoyrd.com\\\/\",\"logo\":{\"@type\":\"ImageObject\",\"inLanguage\":\"es-DO\",\"@id\":\"https:\\\/\\\/lodehoyrd.com\\\/#\\\/schema\\\/logo\\\/image\\\/\",\"url\":\"https:\\\/\\\/lodehoyrd.com\\\/wp-content\\\/uploads\\\/2026\\\/01\\\/cropped-587839248_1764678434311177_7454960250106730443_n.jpg\",\"contentUrl\":\"https:\\\/\\\/lodehoyrd.com\\\/wp-content\\\/uploads\\\/2026\\\/01\\\/cropped-587839248_1764678434311177_7454960250106730443_n.jpg\",\"width\":512,\"height\":512,\"caption\":\"LODEHOYRD\"},\"image\":{\"@id\":\"https:\\\/\\\/lodehoyrd.com\\\/#\\\/schema\\\/logo\\\/image\\\/\"},\"sameAs\":[\"https:\\\/\\\/www.facebook.com\\\/lodeoyrd\\\/\",\"https:\\\/\\\/x.com\\\/PatriotasDom\",\"https:\\\/\\\/www.instagram.com\\\/lodehoyr\\\/\",\"https:\\\/\\\/www.tiktok.com\\\/@lodehoyrd\"]},{\"@type\":\"Person\",\"@id\":\"https:\\\/\\\/lodehoyrd.com\\\/#\\\/schema\\\/person\\\/080cec02e9cd72318c5b8c215402abd7\",\"name\":\"estebandelarosa2820@gmail.com\",\"image\":{\"@type\":\"ImageObject\",\"inLanguage\":\"es-DO\",\"@id\":\"https:\\\/\\\/secure.gravatar.com\\\/avatar\\\/cb4cce556556a7dd79eed4e5ff8c9cc5af640bad7cbcc06114b5f9300bb6f631?s=96&d=mm&r=g\",\"url\":\"https:\\\/\\\/secure.gravatar.com\\\/avatar\\\/cb4cce556556a7dd79eed4e5ff8c9cc5af640bad7cbcc06114b5f9300bb6f631?s=96&d=mm&r=g\",\"contentUrl\":\"https:\\\/\\\/secure.gravatar.com\\\/avatar\\\/cb4cce556556a7dd79eed4e5ff8c9cc5af640bad7cbcc06114b5f9300bb6f631?s=96&d=mm&r=g\",\"caption\":\"estebandelarosa2820@gmail.com\"},\"sameAs\":[\"https:\\\/\\\/lodehoyrd.com\"],\"url\":\"https:\\\/\\\/lodehoyrd.com\\\/?author=1\"}]}<\/script>\n<!-- \/ Yoast SEO plugin. -->","yoast_head_json":{"title":"Instituto Duartiano conmemora el 182 aniversario del regreso triunfal de Duarte - LODEHOYRD.COM","robots":{"index":"index","follow":"follow","max-snippet":"max-snippet:-1","max-image-preview":"max-image-preview:large","max-video-preview":"max-video-preview:-1"},"canonical":"https:\/\/lodehoyrd.com\/?p=521","og_locale":"es_ES","og_type":"article","og_title":"Instituto Duartiano conmemora el 182 aniversario del regreso triunfal de Duarte - LODEHOYRD.COM","og_description":"El presidente de la entidad, Wilson G\u00f3mez Ram\u00edrez, resalt\u00f3 la vigencia del ideario del patricio durante un acto solemne que cont\u00f3 con la participaci\u00f3n de las autoridades del buque escuela de la del buque escuela de la armada de Espa\u00f1a, Juan Sebasti\u00e1n Elcano. Sans Souc\u00ed, Santo Domingo Este.- Con el sonido del clar\u00edn, marchas, himnos...","og_url":"https:\/\/lodehoyrd.com\/?p=521","og_site_name":"LODEHOYRD.COM","article_publisher":"https:\/\/www.facebook.com\/lodeoyrd\/","article_published_time":"2026-03-15T20:09:51+00:00","og_image":[{"width":591,"height":1280,"url":"https:\/\/lodehoyrd.com\/wp-content\/uploads\/2026\/03\/WhatsApp-Image-2026-03-15-at-1.23.02-PM.jpeg","type":"image\/jpeg"}],"author":"estebandelarosa2820@gmail.com","twitter_card":"summary_large_image","twitter_creator":"@PatriotasDom","twitter_site":"@PatriotasDom","twitter_misc":{"Written by":"estebandelarosa2820@gmail.com","Est. reading time":"4 minutos"},"schema":{"@context":"https:\/\/schema.org","@graph":[{"@type":"Article","@id":"https:\/\/lodehoyrd.com\/?p=521#article","isPartOf":{"@id":"https:\/\/lodehoyrd.com\/?p=521"},"author":{"name":"estebandelarosa2820@gmail.com","@id":"https:\/\/lodehoyrd.com\/#\/schema\/person\/080cec02e9cd72318c5b8c215402abd7"},"headline":"Instituto Duartiano conmemora el 182 aniversario del regreso triunfal de Duarte","datePublished":"2026-03-15T20:09:51+00:00","mainEntityOfPage":{"@id":"https:\/\/lodehoyrd.com\/?p=521"},"wordCount":741,"commentCount":0,"publisher":{"@id":"https:\/\/lodehoyrd.com\/#organization"},"image":{"@id":"https:\/\/lodehoyrd.com\/?p=521#primaryimage"},"thumbnailUrl":"https:\/\/lodehoyrd.com\/wp-content\/uploads\/2026\/03\/WhatsApp-Image-2026-03-15-at-1.23.02-PM.jpeg","articleSection":["NACIONALES"],"inLanguage":"es-DO","potentialAction":[{"@type":"CommentAction","name":"Comment","target":["https:\/\/lodehoyrd.com\/?p=521#respond"]}]},{"@type":"WebPage","@id":"https:\/\/lodehoyrd.com\/?p=521","url":"https:\/\/lodehoyrd.com\/?p=521","name":"Instituto Duartiano conmemora el 182 aniversario del regreso triunfal de Duarte - LODEHOYRD.COM","isPartOf":{"@id":"https:\/\/lodehoyrd.com\/#website"},"primaryImageOfPage":{"@id":"https:\/\/lodehoyrd.com\/?p=521#primaryimage"},"image":{"@id":"https:\/\/lodehoyrd.com\/?p=521#primaryimage"},"thumbnailUrl":"https:\/\/lodehoyrd.com\/wp-content\/uploads\/2026\/03\/WhatsApp-Image-2026-03-15-at-1.23.02-PM.jpeg","datePublished":"2026-03-15T20:09:51+00:00","breadcrumb":{"@id":"https:\/\/lodehoyrd.com\/?p=521#breadcrumb"},"inLanguage":"es-DO","potentialAction":[{"@type":"ReadAction","target":["https:\/\/lodehoyrd.com\/?p=521"]}]},{"@type":"ImageObject","inLanguage":"es-DO","@id":"https:\/\/lodehoyrd.com\/?p=521#primaryimage","url":"https:\/\/lodehoyrd.com\/wp-content\/uploads\/2026\/03\/WhatsApp-Image-2026-03-15-at-1.23.02-PM.jpeg","contentUrl":"https:\/\/lodehoyrd.com\/wp-content\/uploads\/2026\/03\/WhatsApp-Image-2026-03-15-at-1.23.02-PM.jpeg","width":591,"height":1280},{"@type":"BreadcrumbList","@id":"https:\/\/lodehoyrd.com\/?p=521#breadcrumb","itemListElement":[{"@type":"ListItem","position":1,"name":"Home","item":"https:\/\/lodehoyrd.com\/"},{"@type":"ListItem","position":2,"name":"Instituto Duartiano conmemora el 182 aniversario del regreso triunfal de Duarte"}]},{"@type":"WebSite","@id":"https:\/\/lodehoyrd.com\/#website","url":"https:\/\/lodehoyrd.com\/","name":"LODEHOYRD.COM","description":"INFORMACION ACTUAL Y VERAZ ","publisher":{"@id":"https:\/\/lodehoyrd.com\/#organization"},"potentialAction":[{"@type":"SearchAction","target":{"@type":"EntryPoint","urlTemplate":"https:\/\/lodehoyrd.com\/?s={search_term_string}"},"query-input":{"@type":"PropertyValueSpecification","valueRequired":true,"valueName":"search_term_string"}}],"inLanguage":"es-DO"},{"@type":"Organization","@id":"https:\/\/lodehoyrd.com\/#organization","name":"LODEHOYRD","url":"https:\/\/lodehoyrd.com\/","logo":{"@type":"ImageObject","inLanguage":"es-DO","@id":"https:\/\/lodehoyrd.com\/#\/schema\/logo\/image\/","url":"https:\/\/lodehoyrd.com\/wp-content\/uploads\/2026\/01\/cropped-587839248_1764678434311177_7454960250106730443_n.jpg","contentUrl":"https:\/\/lodehoyrd.com\/wp-content\/uploads\/2026\/01\/cropped-587839248_1764678434311177_7454960250106730443_n.jpg","width":512,"height":512,"caption":"LODEHOYRD"},"image":{"@id":"https:\/\/lodehoyrd.com\/#\/schema\/logo\/image\/"},"sameAs":["https:\/\/www.facebook.com\/lodeoyrd\/","https:\/\/x.com\/PatriotasDom","https:\/\/www.instagram.com\/lodehoyr\/","https:\/\/www.tiktok.com\/@lodehoyrd"]},{"@type":"Person","@id":"https:\/\/lodehoyrd.com\/#\/schema\/person\/080cec02e9cd72318c5b8c215402abd7","name":"estebandelarosa2820@gmail.com","image":{"@type":"ImageObject","inLanguage":"es-DO","@id":"https:\/\/secure.gravatar.com\/avatar\/cb4cce556556a7dd79eed4e5ff8c9cc5af640bad7cbcc06114b5f9300bb6f631?s=96&d=mm&r=g","url":"https:\/\/secure.gravatar.com\/avatar\/cb4cce556556a7dd79eed4e5ff8c9cc5af640bad7cbcc06114b5f9300bb6f631?s=96&d=mm&r=g","contentUrl":"https:\/\/secure.gravatar.com\/avatar\/cb4cce556556a7dd79eed4e5ff8c9cc5af640bad7cbcc06114b5f9300bb6f631?s=96&d=mm&r=g","caption":"estebandelarosa2820@gmail.com"},"sameAs":["https:\/\/lodehoyrd.com"],"url":"https:\/\/lodehoyrd.com\/?author=1"}]}},"_links":{"self":[{"href":"https:\/\/lodehoyrd.com\/index.php?rest_route=\/wp\/v2\/posts\/521","targetHints":{"allow":["GET"]}}],"collection":[{"href":"https:\/\/lodehoyrd.com\/index.php?rest_route=\/wp\/v2\/posts"}],"about":[{"href":"https:\/\/lodehoyrd.com\/index.php?rest_route=\/wp\/v2\/types\/post"}],"author":[{"embeddable":true,"href":"https:\/\/lodehoyrd.com\/index.php?rest_route=\/wp\/v2\/users\/1"}],"replies":[{"embeddable":true,"href":"https:\/\/lodehoyrd.com\/index.php?rest_route=%2Fwp%2Fv2%2Fcomments&post=521"}],"version-history":[{"count":1,"href":"https:\/\/lodehoyrd.com\/index.php?rest_route=\/wp\/v2\/posts\/521\/revisions"}],"predecessor-version":[{"id":523,"href":"https:\/\/lodehoyrd.com\/index.php?rest_route=\/wp\/v2\/posts\/521\/revisions\/523"}],"wp:featuredmedia":[{"embeddable":true,"href":"https:\/\/lodehoyrd.com\/index.php?rest_route=\/wp\/v2\/media\/522"}],"wp:attachment":[{"href":"https:\/\/lodehoyrd.com\/index.php?rest_route=%2Fwp%2Fv2%2Fmedia&parent=521"}],"wp:term":[{"taxonomy":"category","embeddable":true,"href":"https:\/\/lodehoyrd.com\/index.php?rest_route=%2Fwp%2Fv2%2Fcategories&post=521"},{"taxonomy":"post_tag","embeddable":true,"href":"https:\/\/lodehoyrd.com\/index.php?rest_route=%2Fwp%2Fv2%2Ftags&post=521"}],"curies":[{"name":"wp","href":"https:\/\/api.w.org\/{rel}","templated":true}]}}