{"id":1975,"date":"2026-09-05T21:37:04","date_gmt":"2026-09-06T01:37:04","guid":{"rendered":"https:\/\/lodehoyrd.com\/?p=1975"},"modified":"2026-09-05T21:37:04","modified_gmt":"2026-09-06T01:37:04","slug":"propiel-enciende-el-glow-de-isla-con-nuevos-productos-en-days-to-shine-2026","status":"publish","type":"post","link":"https:\/\/lodehoyrd.com\/?p=1975","title":{"rendered":"PROPIEL ENCIENDE EL \u201cGLOW DE ISLA\u201d CON NUEVOS PRODUCTOS EN DAYS TO SHINE 2026"},"content":{"rendered":"\n<p><\/p>\n\n\n\n<p>La marca dermocosmetica dominicana participa por primera vez en Days to ShIne, lanzando varios productos nuevos, adem\u00e1s<\/p>\n\n\n\n<p>Santo Domingo.- .&nbsp; La marca dermocosm\u00e9tica dominicana Propiel presenta oficialmente su nuevo compendio de productos durante Days to Shine 2026, actividad que se celebra los d\u00edas 4 y 5 de septiembre en el Hotel El Embajador, como parte de su nueva campa\u00f1a \u201cGlow de Isla\u201d, una propuesta que celebra la identidad caribe\u00f1a y coloca en el centro las necesidades de una piel expuesta diariamente al sol, el calor, la humedad y otros factores propios del clima tropical.<\/p>\n\n\n\n<figure class=\"wp-block-image size-full\"><img loading=\"lazy\" decoding=\"async\" width=\"220\" height=\"386\" src=\"https:\/\/lodehoyrd.com\/wp-content\/uploads\/2026\/09\/str6uyhsrhrujyrjhththts.png\" alt=\"\" class=\"wp-image-1977\" srcset=\"https:\/\/lodehoyrd.com\/wp-content\/uploads\/2026\/09\/str6uyhsrhrujyrjhththts.png 220w, https:\/\/lodehoyrd.com\/wp-content\/uploads\/2026\/09\/str6uyhsrhrujyrjhththts-171x300.png 171w\" sizes=\"auto, (max-width: 220px) 100vw, 220px\" \/><\/figure>\n\n\n\n<p>Bajo la premisa de que \u201chay un glow que solo tenemos los que vivimos aqu\u00ed\u201d, Propiel reafirma su apuesta por desarrollar productos concebidos desde Rep\u00fablica Dominicana y formulados para responder a las caracter\u00edsticas y necesidades de la piel del caribe.<\/p>\n\n\n\n<p>El lanzamiento constituye uno de los pasos m\u00e1s importantes en la evoluci\u00f3n del portafolio de la marca e incorpora nuevas productos orientadas a la protecci\u00f3n solar, hidrataci\u00f3n, recuperaci\u00f3n y cuidado de la piel, especialmente frente a las condiciones del entorno tropical.<\/p>\n\n\n\n<p>Entre las novedades se encuentran nuevas alternativas de protecci\u00f3n solar en spray y aceite, productos hidratantes y refrescantes, t\u00f3nicos faciales y soluciones de skin recovery y after sun, concebidas para acompa\u00f1ar la piel antes, durante y despu\u00e9s de la exposici\u00f3n al sol, el calor y otros factores que pueden sensibilizarla.<\/p>\n\n\n\n<p>M\u00e1s all\u00e1 de ampliar su cat\u00e1logo, Propiel busca abrir una conversaci\u00f3n sobre la importancia de desarrollar soluciones cosm\u00e9ticas que comprendan el contexto en el que vive el consumidor caribe\u00f1o.<\/p>\n\n\n\n<p>\u201cDurante a\u00f1os hemos consumido productos creados pensando en otros climas y otras realidades. En Propiel entendemos lo que significa vivir bajo el sol del Caribe, lidiar con el calor, el sudor, la humedad y la exposici\u00f3n solar durante pr\u00e1cticamente todo el a\u00f1o.<\/p>\n\n\n\n<p>Esta nueva l\u00ednea nace precisamente de ah\u00ed: de conocer la piel que vive aqu\u00ed\u201d, expres\u00f3 Jennifer Jim\u00e9nez, CEO y fundadora de Propiel.<\/p>\n\n\n\n<p>Esta visi\u00f3n se resume en uno de los principales mensajes de la campa\u00f1a: \u201cConocemos la piel que vive aqu\u00ed\u201d, concepto que acompa\u00f1ar\u00e1 la presentaci\u00f3n de los nuevos productos durante Days to Shine.<\/p>\n\n\n\n<p>La propuesta tambi\u00e9n conecta con la filosof\u00eda que ha caracterizado a Propiel desde sus inicios: promover el cuidado de la piel desde una perspectiva cercana, accesible y adaptada a las necesidades reales de sus consumidores.<\/p>\n\n\n\n<p>\u201cGlow de Isla\u201d: una celebraci\u00f3n de lo que somos<\/p>\n\n\n\n<p>La campa\u00f1a \u201cGlow de Isla\u201d parte de una idea cultural: el brillo del Caribe no proviene \u00fanicamente de un producto cosm\u00e9tico, sino tambi\u00e9n de la energ\u00eda, el clima, las costumbres y la identidad de quienes habitan la isla.<\/p>\n\n\n\n<p>Por esta raz\u00f3n, la comunicaci\u00f3n del lanzamiento incorpora elementos de la cotidianidad dominicana y c\u00f3digos propios de la cultura local para reivindicar ese \u201csaz\u00f3n que distingue al mar caribe.<\/p>\n\n\n\n<p>\u201cEl glow de isla no se importa. Se vive\u201d es una de las ideas centrales de la campa\u00f1a, que adem\u00e1s invita a los consumidores a construir su propia rutina de cuidado bajo el concepto \u201cBuild your glow. Layer by layer.\u201d<\/p>\n\n\n\n<p>Durante Days to Shine 2026, los d\u00edas 4 y 5 de septiembre en el Hotel El Embajador, Propiel llevar\u00e1 esta narrativa m\u00e1s all\u00e1 de la exhibici\u00f3n tradicional de productos, mediante experiencias dise\u00f1adas para generar interacci\u00f3n con los asistentes, entre ellas din\u00e1micas de cuidado personal, personalizaci\u00f3n, creaci\u00f3n de contenido, entrega de regalos y espacios de conversaci\u00f3n sobre el cuidado de la piel y el autoestima.<\/p>\n\n\n\n<p>El lanzamiento marca tambi\u00e9n una nueva etapa de crecimiento para la empresa dominicana, que contin\u00faa expandiendo su presencia en el mercado nacional y desarrollando, de manera paralela, su llegada a Estados Unidos.<\/p>\n\n\n\n<p>Actualmente, los productos Propiel se comercializan en distintas cadenas y establecimientos de Rep\u00fablica Dominicana, mientras la compa\u00f1\u00eda trabaja en ampliar su propuesta de cuidado dermocosm\u00e9tico con soluciones cada vez m\u00e1sespecializadas.<\/p>\n\n\n\n<p>Con estos nuevos lanzamientos, la marca busca consolidar un portafolio integral capaz de acompa\u00f1ar diferentes momentos de la rutina de cuidado de la piel, desde la limpieza y la hidrataci\u00f3n hasta la protecci\u00f3n solar y la recuperaci\u00f3n.<\/p>\n\n\n\n<p>\u201cQueremos demostrar que desde Rep\u00fablica Dominicana tambi\u00e9n podemos crear productos innovadores, competitivos y pensados espec\u00edficamente para nuestro consumidor. Glow de Isla es una celebraci\u00f3n de nuestra piel, de nuestra identidad y de nuestra capacidad de crear desde el Caribe para el mundo, agreg\u00f3 Jennifer.<\/p>\n\n\n\n<p>mundo\u201d, Los productos ser\u00e1n revelados oficialmente durante Days to Shine 2026, donde los asistentes podr\u00e1n conocer las nuevas f\u00f3rmulas, experimentar con los productos y descubrir la propuesta completa de \u201cGlow de isla\u201d<\/p>\n\n\n\n<p>Propiel Dominicana es una marca dermocosm\u00e9tica creada en Rep\u00fablica Dominicana con el prop\u00f3sito de promover el cuidado y la salud de la piel mediante productos desarrollados para atender necesidades reales y condiciones propias del clima tropical.<\/p>\n\n\n\n<p>Bajo el concepto \u201cEn oro de la piel sana\u201d, la marca ha construido una comunidad alrededor del autocuidado, la autoestima y una visi\u00f3n de belleza m\u00e1s cercana a la realidad de sus consumidores.<\/p>\n\n\n\n<p>Actualmente, Propiel contin\u00faa ampliando su portafolio y presencia comercial bajo una visi\u00f3n clara: crear cosm\u00e9tica caribe\u00f1a para pieles reales.<\/p>\n","protected":false},"excerpt":{"rendered":"<p>La marca dermocosmetica dominicana participa por primera vez en Days to ShIne, lanzando varios productos nuevos, adem\u00e1s Santo Domingo.- .&nbsp; La marca dermocosm\u00e9tica dominicana Propiel presenta oficialmente su nuevo compendio de productos durante Days to Shine 2026, actividad que se celebra los d\u00edas 4 y 5 de septiembre en el Hotel El Embajador, como parte&#8230;<\/p>\n","protected":false},"author":1,"featured_media":1976,"comment_status":"open","ping_status":"open","sticky":false,"template":"","format":"standard","meta":{"footnotes":""},"categories":[3],"tags":[],"class_list":["post-1975","post","type-post","status-publish","format-standard","has-post-thumbnail","hentry","category-nacionales"],"yoast_head":"<!-- This site is optimized with the Yoast SEO plugin v28.1 - https:\/\/yoast.com\/product\/yoast-seo-wordpress\/ -->\n<title>PROPIEL ENCIENDE EL \u201cGLOW DE ISLA\u201d CON NUEVOS PRODUCTOS EN DAYS TO SHINE 2026 - LODEHOYRD.COM<\/title>\n<meta name=\"robots\" content=\"index, follow, max-snippet:-1, max-image-preview:large, max-video-preview:-1\" \/>\n<link rel=\"canonical\" href=\"https:\/\/lodehoyrd.com\/?p=1975\" \/>\n<meta property=\"og:locale\" content=\"es_ES\" \/>\n<meta property=\"og:type\" content=\"article\" \/>\n<meta property=\"og:title\" content=\"PROPIEL ENCIENDE EL \u201cGLOW DE ISLA\u201d CON NUEVOS PRODUCTOS EN DAYS TO SHINE 2026 - LODEHOYRD.COM\" \/>\n<meta property=\"og:description\" content=\"La marca dermocosmetica dominicana participa por primera vez en Days to ShIne, lanzando varios productos nuevos, adem\u00e1s Santo Domingo.- .&nbsp; La marca dermocosm\u00e9tica dominicana Propiel presenta oficialmente su nuevo compendio de productos durante Days to Shine 2026, actividad que se celebra los d\u00edas 4 y 5 de septiembre en el Hotel El Embajador, como parte...\" \/>\n<meta property=\"og:url\" content=\"https:\/\/lodehoyrd.com\/?p=1975\" \/>\n<meta property=\"og:site_name\" content=\"LODEHOYRD.COM\" \/>\n<meta property=\"article:publisher\" content=\"https:\/\/www.facebook.com\/lodeoyrd\/\" \/>\n<meta property=\"article:published_time\" content=\"2026-09-06T01:37:04+00:00\" \/>\n<meta property=\"og:image\" content=\"https:\/\/lodehoyrd.com\/wp-content\/uploads\/2026\/09\/WhatsApp-Image-2026-09-05-at-1.35.04-PM.jpeg\" \/>\n\t<meta property=\"og:image:width\" content=\"960\" \/>\n\t<meta property=\"og:image:height\" content=\"625\" \/>\n\t<meta property=\"og:image:type\" content=\"image\/jpeg\" \/>\n<meta name=\"author\" content=\"estebandelarosa2820@gmail.com\" \/>\n<meta name=\"twitter:card\" content=\"summary_large_image\" \/>\n<meta name=\"twitter:creator\" content=\"@PatriotasDom\" \/>\n<meta name=\"twitter:site\" content=\"@PatriotasDom\" \/>\n<meta name=\"twitter:label1\" content=\"Written by\" \/>\n\t<meta name=\"twitter:data1\" content=\"estebandelarosa2820@gmail.com\" \/>\n\t<meta name=\"twitter:label2\" content=\"Est. reading time\" \/>\n\t<meta name=\"twitter:data2\" content=\"5 minutos\" \/>\n<!-- \/ Yoast SEO plugin. -->","yoast_head_json":{"title":"PROPIEL ENCIENDE EL \u201cGLOW DE ISLA\u201d CON NUEVOS PRODUCTOS EN DAYS TO SHINE 2026 - LODEHOYRD.COM","robots":{"index":"index","follow":"follow","max-snippet":"max-snippet:-1","max-image-preview":"max-image-preview:large","max-video-preview":"max-video-preview:-1"},"canonical":"https:\/\/lodehoyrd.com\/?p=1975","og_locale":"es_ES","og_type":"article","og_title":"PROPIEL ENCIENDE EL \u201cGLOW DE ISLA\u201d CON NUEVOS PRODUCTOS EN DAYS TO SHINE 2026 - LODEHOYRD.COM","og_description":"La marca dermocosmetica dominicana participa por primera vez en Days to ShIne, lanzando varios productos nuevos, adem\u00e1s Santo Domingo.- .&nbsp; La marca dermocosm\u00e9tica dominicana Propiel presenta oficialmente su nuevo compendio de productos durante Days to Shine 2026, actividad que se celebra los d\u00edas 4 y 5 de septiembre en el Hotel El Embajador, como parte...","og_url":"https:\/\/lodehoyrd.com\/?p=1975","og_site_name":"LODEHOYRD.COM","article_publisher":"https:\/\/www.facebook.com\/lodeoyrd\/","article_published_time":"2026-09-06T01:37:04+00:00","og_image":[{"width":960,"height":625,"url":"https:\/\/lodehoyrd.com\/wp-content\/uploads\/2026\/09\/WhatsApp-Image-2026-09-05-at-1.35.04-PM.jpeg","type":"image\/jpeg"}],"author":"estebandelarosa2820@gmail.com","twitter_card":"summary_large_image","twitter_creator":"@PatriotasDom","twitter_site":"@PatriotasDom","twitter_misc":{"Written by":"estebandelarosa2820@gmail.com","Est. reading time":"5 minutos"},"schema":{"@context":"https:\/\/schema.org","@graph":[{"@type":"Article","@id":"https:\/\/lodehoyrd.com\/?p=1975#article","isPartOf":{"@id":"https:\/\/lodehoyrd.com\/?p=1975"},"author":{"name":"estebandelarosa2820@gmail.com","@id":"https:\/\/lodehoyrd.com\/#\/schema\/person\/080cec02e9cd72318c5b8c215402abd7"},"headline":"PROPIEL ENCIENDE EL \u201cGLOW DE ISLA\u201d CON NUEVOS PRODUCTOS EN DAYS TO SHINE 2026","datePublished":"2026-09-06T01:37:04+00:00","mainEntityOfPage":{"@id":"https:\/\/lodehoyrd.com\/?p=1975"},"wordCount":915,"commentCount":0,"publisher":{"@id":"https:\/\/lodehoyrd.com\/#organization"},"image":{"@id":"https:\/\/lodehoyrd.com\/?p=1975#primaryimage"},"thumbnailUrl":"https:\/\/lodehoyrd.com\/wp-content\/uploads\/2026\/09\/WhatsApp-Image-2026-09-05-at-1.35.04-PM.jpeg","articleSection":["NACIONALES"],"inLanguage":"es-DO","potentialAction":[{"@type":"CommentAction","name":"Comment","target":["https:\/\/lodehoyrd.com\/?p=1975#respond"]}]},{"@type":"WebPage","@id":"https:\/\/lodehoyrd.com\/?p=1975","url":"https:\/\/lodehoyrd.com\/?p=1975","name":"PROPIEL ENCIENDE EL \u201cGLOW DE ISLA\u201d CON NUEVOS PRODUCTOS EN DAYS TO SHINE 2026 - LODEHOYRD.COM","isPartOf":{"@id":"https:\/\/lodehoyrd.com\/#website"},"primaryImageOfPage":{"@id":"https:\/\/lodehoyrd.com\/?p=1975#primaryimage"},"image":{"@id":"https:\/\/lodehoyrd.com\/?p=1975#primaryimage"},"thumbnailUrl":"https:\/\/lodehoyrd.com\/wp-content\/uploads\/2026\/09\/WhatsApp-Image-2026-09-05-at-1.35.04-PM.jpeg","datePublished":"2026-09-06T01:37:04+00:00","breadcrumb":{"@id":"https:\/\/lodehoyrd.com\/?p=1975#breadcrumb"},"inLanguage":"es-DO","potentialAction":[{"@type":"ReadAction","target":["https:\/\/lodehoyrd.com\/?p=1975"]}]},{"@type":"ImageObject","inLanguage":"es-DO","@id":"https:\/\/lodehoyrd.com\/?p=1975#primaryimage","url":"https:\/\/lodehoyrd.com\/wp-content\/uploads\/2026\/09\/WhatsApp-Image-2026-09-05-at-1.35.04-PM.jpeg","contentUrl":"https:\/\/lodehoyrd.com\/wp-content\/uploads\/2026\/09\/WhatsApp-Image-2026-09-05-at-1.35.04-PM.jpeg","width":960,"height":625},{"@type":"BreadcrumbList","@id":"https:\/\/lodehoyrd.com\/?p=1975#breadcrumb","itemListElement":[{"@type":"ListItem","position":1,"name":"Home","item":"https:\/\/lodehoyrd.com\/"},{"@type":"ListItem","position":2,"name":"PROPIEL ENCIENDE EL \u201cGLOW DE ISLA\u201d CON NUEVOS PRODUCTOS EN DAYS TO SHINE 2026"}]},{"@type":"WebSite","@id":"https:\/\/lodehoyrd.com\/#website","url":"https:\/\/lodehoyrd.com\/","name":"LODEHOYRD.COM","description":"INFORMACION ACTUAL Y VERAZ ","publisher":{"@id":"https:\/\/lodehoyrd.com\/#organization"},"potentialAction":[{"@type":"SearchAction","target":{"@type":"EntryPoint","urlTemplate":"https:\/\/lodehoyrd.com\/?s={search_term_string}"},"query-input":{"@type":"PropertyValueSpecification","valueRequired":true,"valueName":"search_term_string"}}],"inLanguage":"es-DO"},{"@type":"Organization","@id":"https:\/\/lodehoyrd.com\/#organization","name":"LODEHOYRD","url":"https:\/\/lodehoyrd.com\/","logo":{"@type":"ImageObject","inLanguage":"es-DO","@id":"https:\/\/lodehoyrd.com\/#\/schema\/logo\/image\/","url":"https:\/\/lodehoyrd.com\/wp-content\/uploads\/2026\/01\/cropped-587839248_1764678434311177_7454960250106730443_n.jpg","contentUrl":"https:\/\/lodehoyrd.com\/wp-content\/uploads\/2026\/01\/cropped-587839248_1764678434311177_7454960250106730443_n.jpg","width":512,"height":512,"caption":"LODEHOYRD"},"image":{"@id":"https:\/\/lodehoyrd.com\/#\/schema\/logo\/image\/"},"sameAs":["https:\/\/www.facebook.com\/lodeoyrd\/","https:\/\/x.com\/PatriotasDom","https:\/\/www.instagram.com\/lodehoyr\/","https:\/\/www.tiktok.com\/@lodehoyrd"]},{"@type":"Person","@id":"https:\/\/lodehoyrd.com\/#\/schema\/person\/080cec02e9cd72318c5b8c215402abd7","name":"estebandelarosa2820@gmail.com","image":{"@type":"ImageObject","inLanguage":"es-DO","@id":"https:\/\/secure.gravatar.com\/avatar\/cb4cce556556a7dd79eed4e5ff8c9cc5af640bad7cbcc06114b5f9300bb6f631?s=96&d=mm&r=g","url":"https:\/\/secure.gravatar.com\/avatar\/cb4cce556556a7dd79eed4e5ff8c9cc5af640bad7cbcc06114b5f9300bb6f631?s=96&d=mm&r=g","contentUrl":"https:\/\/secure.gravatar.com\/avatar\/cb4cce556556a7dd79eed4e5ff8c9cc5af640bad7cbcc06114b5f9300bb6f631?s=96&d=mm&r=g","caption":"estebandelarosa2820@gmail.com"},"sameAs":["https:\/\/lodehoyrd.com"],"url":"https:\/\/lodehoyrd.com\/?author=1"}]}},"_links":{"self":[{"href":"https:\/\/lodehoyrd.com\/index.php?rest_route=\/wp\/v2\/posts\/1975","targetHints":{"allow":["GET"]}}],"collection":[{"href":"https:\/\/lodehoyrd.com\/index.php?rest_route=\/wp\/v2\/posts"}],"about":[{"href":"https:\/\/lodehoyrd.com\/index.php?rest_route=\/wp\/v2\/types\/post"}],"author":[{"embeddable":true,"href":"https:\/\/lodehoyrd.com\/index.php?rest_route=\/wp\/v2\/users\/1"}],"replies":[{"embeddable":true,"href":"https:\/\/lodehoyrd.com\/index.php?rest_route=%2Fwp%2Fv2%2Fcomments&post=1975"}],"version-history":[{"count":1,"href":"https:\/\/lodehoyrd.com\/index.php?rest_route=\/wp\/v2\/posts\/1975\/revisions"}],"predecessor-version":[{"id":1978,"href":"https:\/\/lodehoyrd.com\/index.php?rest_route=\/wp\/v2\/posts\/1975\/revisions\/1978"}],"wp:featuredmedia":[{"embeddable":true,"href":"https:\/\/lodehoyrd.com\/index.php?rest_route=\/wp\/v2\/media\/1976"}],"wp:attachment":[{"href":"https:\/\/lodehoyrd.com\/index.php?rest_route=%2Fwp%2Fv2%2Fmedia&parent=1975"}],"wp:term":[{"taxonomy":"category","embeddable":true,"href":"https:\/\/lodehoyrd.com\/index.php?rest_route=%2Fwp%2Fv2%2Fcategories&post=1975"},{"taxonomy":"post_tag","embeddable":true,"href":"https:\/\/lodehoyrd.com\/index.php?rest_route=%2Fwp%2Fv2%2Ftags&post=1975"}],"curies":[{"name":"wp","href":"https:\/\/api.w.org\/{rel}","templated":true}]}}