{"id":1965,"date":"2026-09-04T18:22:12","date_gmt":"2026-09-04T22:22:12","guid":{"rendered":"https:\/\/lodehoyrd.com\/?p=1965"},"modified":"2026-09-04T18:22:13","modified_gmt":"2026-09-04T22:22:13","slug":"rafael-castillo-pone-en-marcha-estructura-territorial-para-disputar-la-alcaldia-de-santo-domingo-este","status":"publish","type":"post","link":"https:\/\/lodehoyrd.com\/?p=1965","title":{"rendered":"Rafael Castillo pone en marcha estructura territorial para disputar la Alcald\u00eda de Santo Domingo Este"},"content":{"rendered":"\n<p><\/p>\n\n\n\n<p>ORLANDO ARIAS<\/p>\n\n\n\n<p>Santo Domingo Este.-El diputado y aspirante a la Alcald\u00eda de Santo Domingo Este por la Fuerza del Pueblo, Rafael Castillo, puso en marcha el proceso de fortalecimiento de su estructura territorial, con la conformaci\u00f3n de equipos de trabajo en la circunscripci\u00f3n n\u00famero 2, como parte de la estrategia para alcanzar la nominaci\u00f3n y conquistar el gobierno municipal.<\/p>\n\n\n\n<p>Castillo encabez\u00f3 junto a su equipo pol\u00edtico un encuentro con presidentes de direcciones medias y miembros de la Direcci\u00f3n Central de la organizaci\u00f3n en esa demarcaci\u00f3n, con quienes comenz\u00f3 a organizar los equipos que tendr\u00e1n a su cargo el trabajo pol\u00edtico en los diferentes bloques.<\/p>\n\n\n\n<p>\u201cEstamos conformando los equipos de trabajo de la circunscripci\u00f3n n\u00famero dos, los equipos de tierra que van a hacer el trabajo para lograr el objetivo que nos hemos propuesto de conquistar la Alcald\u00eda del municipio Santo Domingo Este\u201d, afirm\u00f3.<\/p>\n\n\n\n<p>El legislador explic\u00f3 que la estructura ser\u00e1 organizada por bloques y estar\u00e1 integrada por dirigentes de las diferentes instancias partidarias, como parte de un proceso que busca consolidar su proyecto pol\u00edtico en todo el municipio.<\/p>\n\n\n\n<p>Al referirse al respaldo que ha recibido dentro de la Fuerza del Pueblo, Castillo calific\u00f3 de \u201cmagn\u00edfico\u201d el apoyo obtenido y destac\u00f3 el dinamismo que, a su juicio, est\u00e1 experimentando la organizaci\u00f3n pol\u00edtica en Santo Domingo Este.<\/p>\n\n\n\n<p>\u201cLa Fuerza del Pueblo est\u00e1 teniendo un dinamismo important\u00edsimo en todo el municipio y eso nos llena de satisfacci\u00f3n\u201d, expres\u00f3 el tambi\u00e9n miembro de la Direcci\u00f3n Pol\u00edtica de la FP, entidad liderada por el expresidente Leonel Fern\u00e1ndez.<\/p>\n\n\n\n<p>Castillo ha venido desarrollando contactos con dirigentes de las distintas circunscripciones de Santo Domingo Este, luego de convertirse en uno de los primeros dirigentes de la organizaci\u00f3n en hacer p\u00fablicas sus aspiraciones a dirigir el municipio.<\/p>\n\n\n\n<p>En el encuentro particip\u00f3 adem\u00e1s el exdiputado Radham\u00e9s Fortuna, miembro de la Comisi\u00f3n de Estrategia de la candidatura de Castillo, quien pertenece a la circunscripci\u00f3n n\u00famero 1 y se encuentra integrado al equipo que trabaja en la consolidaci\u00f3n del proyecto municipal.<\/p>\n\n\n\n<p>Fortuna agreg\u00f3 que Castillo cuenta con el respaldo de una amplia mayor\u00eda de los dirigentes de la Fuerza del Pueblo vinculados a las estructuras medias del municipio.<\/p>\n\n\n\n<p>Precis\u00f3 que en la circunscripci\u00f3n n\u00famero 2 los seis presidentes de direcciones medias respaldan su precandidatura, mientras que en la 1, de los 11 presidentes, ocho favorecen a Castillo. Asimismo, se\u00f1al\u00f3 que siete de los nueve presidentes de direcciones medias de la 3 tambi\u00e9n simpatizan con el aspirante.<\/p>\n\n\n\n<p>\u201cEso significa que la precandidatura y pr\u00f3xima nominaci\u00f3n del compa\u00f1ero Rafael Castillo va viento en popa y ser\u00e1 el pr\u00f3ximo candidato y alcalde del municipio Santo Domingo Este\u201d, afirm\u00f3 Fortuna.<\/p>\n\n\n\n<p>El aspirante a alcalde afirm\u00f3 que continuar\u00e1 fortaleciendo los equipos pol\u00edticos en las distintas circunscripciones, con la mira puesta en construir una estructura capaz de llevar su propuesta a cada sector de Santo Domingo Este y disputar la Alcald\u00eda en el pr\u00f3ximo proceso electoral.<\/p>\n","protected":false},"excerpt":{"rendered":"<p>ORLANDO ARIAS Santo Domingo Este.-El diputado y aspirante a la Alcald\u00eda de Santo Domingo Este por la Fuerza del Pueblo, Rafael Castillo, puso en marcha el proceso de fortalecimiento de su estructura territorial, con la conformaci\u00f3n de equipos de trabajo en la circunscripci\u00f3n n\u00famero 2, como parte de la estrategia para alcanzar la nominaci\u00f3n y&#8230;<\/p>\n","protected":false},"author":1,"featured_media":1966,"comment_status":"open","ping_status":"open","sticky":false,"template":"","format":"standard","meta":{"footnotes":""},"categories":[3],"tags":[],"class_list":["post-1965","post","type-post","status-publish","format-standard","has-post-thumbnail","hentry","category-nacionales"],"yoast_head":"<!-- This site is optimized with the Yoast SEO plugin v28.1 - https:\/\/yoast.com\/product\/yoast-seo-wordpress\/ -->\n<title>Rafael Castillo pone en marcha estructura territorial para disputar la Alcald\u00eda de Santo Domingo Este - LODEHOYRD.COM<\/title>\n<meta name=\"robots\" content=\"index, follow, max-snippet:-1, max-image-preview:large, max-video-preview:-1\" \/>\n<link rel=\"canonical\" href=\"https:\/\/lodehoyrd.com\/?p=1965\" \/>\n<meta property=\"og:locale\" content=\"es_ES\" \/>\n<meta property=\"og:type\" content=\"article\" \/>\n<meta property=\"og:title\" content=\"Rafael Castillo pone en marcha estructura territorial para disputar la Alcald\u00eda de Santo Domingo Este - LODEHOYRD.COM\" \/>\n<meta property=\"og:description\" content=\"ORLANDO ARIAS Santo Domingo Este.-El diputado y aspirante a la Alcald\u00eda de Santo Domingo Este por la Fuerza del Pueblo, Rafael Castillo, puso en marcha el proceso de fortalecimiento de su estructura territorial, con la conformaci\u00f3n de equipos de trabajo en la circunscripci\u00f3n n\u00famero 2, como parte de la estrategia para alcanzar la nominaci\u00f3n y...\" \/>\n<meta property=\"og:url\" content=\"https:\/\/lodehoyrd.com\/?p=1965\" \/>\n<meta property=\"og:site_name\" content=\"LODEHOYRD.COM\" \/>\n<meta property=\"article:publisher\" content=\"https:\/\/www.facebook.com\/lodeoyrd\/\" \/>\n<meta property=\"article:published_time\" content=\"2026-09-04T22:22:12+00:00\" \/>\n<meta property=\"article:modified_time\" content=\"2026-09-04T22:22:13+00:00\" \/>\n<meta property=\"og:image\" content=\"https:\/\/lodehoyrd.com\/wp-content\/uploads\/2026\/09\/WhatsApp-Image-2026-09-04-at-5.30.37-PM.jpeg\" \/>\n\t<meta property=\"og:image:width\" content=\"1600\" \/>\n\t<meta property=\"og:image:height\" content=\"900\" \/>\n\t<meta property=\"og:image:type\" content=\"image\/jpeg\" \/>\n<meta name=\"author\" content=\"estebandelarosa2820@gmail.com\" \/>\n<meta name=\"twitter:card\" content=\"summary_large_image\" \/>\n<meta name=\"twitter:creator\" content=\"@PatriotasDom\" \/>\n<meta name=\"twitter:site\" content=\"@PatriotasDom\" \/>\n<meta name=\"twitter:label1\" content=\"Written by\" \/>\n\t<meta name=\"twitter:data1\" content=\"estebandelarosa2820@gmail.com\" \/>\n\t<meta name=\"twitter:label2\" content=\"Est. reading time\" \/>\n\t<meta name=\"twitter:data2\" content=\"3 minutos\" \/>\n<!-- \/ Yoast SEO plugin. -->","yoast_head_json":{"title":"Rafael Castillo pone en marcha estructura territorial para disputar la Alcald\u00eda de Santo Domingo Este - LODEHOYRD.COM","robots":{"index":"index","follow":"follow","max-snippet":"max-snippet:-1","max-image-preview":"max-image-preview:large","max-video-preview":"max-video-preview:-1"},"canonical":"https:\/\/lodehoyrd.com\/?p=1965","og_locale":"es_ES","og_type":"article","og_title":"Rafael Castillo pone en marcha estructura territorial para disputar la Alcald\u00eda de Santo Domingo Este - LODEHOYRD.COM","og_description":"ORLANDO ARIAS Santo Domingo Este.-El diputado y aspirante a la Alcald\u00eda de Santo Domingo Este por la Fuerza del Pueblo, Rafael Castillo, puso en marcha el proceso de fortalecimiento de su estructura territorial, con la conformaci\u00f3n de equipos de trabajo en la circunscripci\u00f3n n\u00famero 2, como parte de la estrategia para alcanzar la nominaci\u00f3n y...","og_url":"https:\/\/lodehoyrd.com\/?p=1965","og_site_name":"LODEHOYRD.COM","article_publisher":"https:\/\/www.facebook.com\/lodeoyrd\/","article_published_time":"2026-09-04T22:22:12+00:00","article_modified_time":"2026-09-04T22:22:13+00:00","og_image":[{"width":1600,"height":900,"url":"https:\/\/lodehoyrd.com\/wp-content\/uploads\/2026\/09\/WhatsApp-Image-2026-09-04-at-5.30.37-PM.jpeg","type":"image\/jpeg"}],"author":"estebandelarosa2820@gmail.com","twitter_card":"summary_large_image","twitter_creator":"@PatriotasDom","twitter_site":"@PatriotasDom","twitter_misc":{"Written by":"estebandelarosa2820@gmail.com","Est. reading time":"3 minutos"},"schema":{"@context":"https:\/\/schema.org","@graph":[{"@type":"Article","@id":"https:\/\/lodehoyrd.com\/?p=1965#article","isPartOf":{"@id":"https:\/\/lodehoyrd.com\/?p=1965"},"author":{"name":"estebandelarosa2820@gmail.com","@id":"https:\/\/lodehoyrd.com\/#\/schema\/person\/080cec02e9cd72318c5b8c215402abd7"},"headline":"Rafael Castillo pone en marcha estructura territorial para disputar la Alcald\u00eda de Santo Domingo Este","datePublished":"2026-09-04T22:22:12+00:00","dateModified":"2026-09-04T22:22:13+00:00","mainEntityOfPage":{"@id":"https:\/\/lodehoyrd.com\/?p=1965"},"wordCount":533,"commentCount":0,"publisher":{"@id":"https:\/\/lodehoyrd.com\/#organization"},"image":{"@id":"https:\/\/lodehoyrd.com\/?p=1965#primaryimage"},"thumbnailUrl":"https:\/\/lodehoyrd.com\/wp-content\/uploads\/2026\/09\/WhatsApp-Image-2026-09-04-at-5.30.37-PM.jpeg","articleSection":["NACIONALES"],"inLanguage":"es-DO","potentialAction":[{"@type":"CommentAction","name":"Comment","target":["https:\/\/lodehoyrd.com\/?p=1965#respond"]}]},{"@type":"WebPage","@id":"https:\/\/lodehoyrd.com\/?p=1965","url":"https:\/\/lodehoyrd.com\/?p=1965","name":"Rafael Castillo pone en marcha estructura territorial para disputar la Alcald\u00eda de Santo Domingo Este - LODEHOYRD.COM","isPartOf":{"@id":"https:\/\/lodehoyrd.com\/#website"},"primaryImageOfPage":{"@id":"https:\/\/lodehoyrd.com\/?p=1965#primaryimage"},"image":{"@id":"https:\/\/lodehoyrd.com\/?p=1965#primaryimage"},"thumbnailUrl":"https:\/\/lodehoyrd.com\/wp-content\/uploads\/2026\/09\/WhatsApp-Image-2026-09-04-at-5.30.37-PM.jpeg","datePublished":"2026-09-04T22:22:12+00:00","dateModified":"2026-09-04T22:22:13+00:00","breadcrumb":{"@id":"https:\/\/lodehoyrd.com\/?p=1965#breadcrumb"},"inLanguage":"es-DO","potentialAction":[{"@type":"ReadAction","target":["https:\/\/lodehoyrd.com\/?p=1965"]}]},{"@type":"ImageObject","inLanguage":"es-DO","@id":"https:\/\/lodehoyrd.com\/?p=1965#primaryimage","url":"https:\/\/lodehoyrd.com\/wp-content\/uploads\/2026\/09\/WhatsApp-Image-2026-09-04-at-5.30.37-PM.jpeg","contentUrl":"https:\/\/lodehoyrd.com\/wp-content\/uploads\/2026\/09\/WhatsApp-Image-2026-09-04-at-5.30.37-PM.jpeg","width":1600,"height":900},{"@type":"BreadcrumbList","@id":"https:\/\/lodehoyrd.com\/?p=1965#breadcrumb","itemListElement":[{"@type":"ListItem","position":1,"name":"Home","item":"https:\/\/lodehoyrd.com\/"},{"@type":"ListItem","position":2,"name":"Rafael Castillo pone en marcha estructura territorial para disputar la Alcald\u00eda de Santo Domingo Este"}]},{"@type":"WebSite","@id":"https:\/\/lodehoyrd.com\/#website","url":"https:\/\/lodehoyrd.com\/","name":"LODEHOYRD.COM","description":"INFORMACION ACTUAL Y VERAZ ","publisher":{"@id":"https:\/\/lodehoyrd.com\/#organization"},"potentialAction":[{"@type":"SearchAction","target":{"@type":"EntryPoint","urlTemplate":"https:\/\/lodehoyrd.com\/?s={search_term_string}"},"query-input":{"@type":"PropertyValueSpecification","valueRequired":true,"valueName":"search_term_string"}}],"inLanguage":"es-DO"},{"@type":"Organization","@id":"https:\/\/lodehoyrd.com\/#organization","name":"LODEHOYRD","url":"https:\/\/lodehoyrd.com\/","logo":{"@type":"ImageObject","inLanguage":"es-DO","@id":"https:\/\/lodehoyrd.com\/#\/schema\/logo\/image\/","url":"https:\/\/lodehoyrd.com\/wp-content\/uploads\/2026\/01\/cropped-587839248_1764678434311177_7454960250106730443_n.jpg","contentUrl":"https:\/\/lodehoyrd.com\/wp-content\/uploads\/2026\/01\/cropped-587839248_1764678434311177_7454960250106730443_n.jpg","width":512,"height":512,"caption":"LODEHOYRD"},"image":{"@id":"https:\/\/lodehoyrd.com\/#\/schema\/logo\/image\/"},"sameAs":["https:\/\/www.facebook.com\/lodeoyrd\/","https:\/\/x.com\/PatriotasDom","https:\/\/www.instagram.com\/lodehoyr\/","https:\/\/www.tiktok.com\/@lodehoyrd"]},{"@type":"Person","@id":"https:\/\/lodehoyrd.com\/#\/schema\/person\/080cec02e9cd72318c5b8c215402abd7","name":"estebandelarosa2820@gmail.com","image":{"@type":"ImageObject","inLanguage":"es-DO","@id":"https:\/\/secure.gravatar.com\/avatar\/cb4cce556556a7dd79eed4e5ff8c9cc5af640bad7cbcc06114b5f9300bb6f631?s=96&d=mm&r=g","url":"https:\/\/secure.gravatar.com\/avatar\/cb4cce556556a7dd79eed4e5ff8c9cc5af640bad7cbcc06114b5f9300bb6f631?s=96&d=mm&r=g","contentUrl":"https:\/\/secure.gravatar.com\/avatar\/cb4cce556556a7dd79eed4e5ff8c9cc5af640bad7cbcc06114b5f9300bb6f631?s=96&d=mm&r=g","caption":"estebandelarosa2820@gmail.com"},"sameAs":["https:\/\/lodehoyrd.com"],"url":"https:\/\/lodehoyrd.com\/?author=1"}]}},"_links":{"self":[{"href":"https:\/\/lodehoyrd.com\/index.php?rest_route=\/wp\/v2\/posts\/1965","targetHints":{"allow":["GET"]}}],"collection":[{"href":"https:\/\/lodehoyrd.com\/index.php?rest_route=\/wp\/v2\/posts"}],"about":[{"href":"https:\/\/lodehoyrd.com\/index.php?rest_route=\/wp\/v2\/types\/post"}],"author":[{"embeddable":true,"href":"https:\/\/lodehoyrd.com\/index.php?rest_route=\/wp\/v2\/users\/1"}],"replies":[{"embeddable":true,"href":"https:\/\/lodehoyrd.com\/index.php?rest_route=%2Fwp%2Fv2%2Fcomments&post=1965"}],"version-history":[{"count":1,"href":"https:\/\/lodehoyrd.com\/index.php?rest_route=\/wp\/v2\/posts\/1965\/revisions"}],"predecessor-version":[{"id":1967,"href":"https:\/\/lodehoyrd.com\/index.php?rest_route=\/wp\/v2\/posts\/1965\/revisions\/1967"}],"wp:featuredmedia":[{"embeddable":true,"href":"https:\/\/lodehoyrd.com\/index.php?rest_route=\/wp\/v2\/media\/1966"}],"wp:attachment":[{"href":"https:\/\/lodehoyrd.com\/index.php?rest_route=%2Fwp%2Fv2%2Fmedia&parent=1965"}],"wp:term":[{"taxonomy":"category","embeddable":true,"href":"https:\/\/lodehoyrd.com\/index.php?rest_route=%2Fwp%2Fv2%2Fcategories&post=1965"},{"taxonomy":"post_tag","embeddable":true,"href":"https:\/\/lodehoyrd.com\/index.php?rest_route=%2Fwp%2Fv2%2Ftags&post=1965"}],"curies":[{"name":"wp","href":"https:\/\/api.w.org\/{rel}","templated":true}]}}