{"id":1934,"date":"2026-09-01T21:55:22","date_gmt":"2026-09-02T01:55:22","guid":{"rendered":"https:\/\/lodehoyrd.com\/?p=1934"},"modified":"2026-09-01T21:55:23","modified_gmt":"2026-09-02T01:55:23","slug":"laboratorios-karenst-presenta-essenza-y-fortalece-su-relevo-generacional","status":"publish","type":"post","link":"https:\/\/lodehoyrd.com\/?p=1934","title":{"rendered":"Laboratorios Karenst presenta Essenza y fortalece su relevo generacional"},"content":{"rendered":"\n<p><\/p>\n\n\n\n<p>La empresa dominicana, fundada en 2001, desarrolla nuevas l\u00edneas para diferentes tipos y texturas de cabello y mantiene presencia en mercados internacionales<\/p>\n\n\n\n<p>SANTO DOMINGO, D.N. \u2014 Laboratorios Karenst, empresa dominicana dedicada al desarrollo de productos para el cuidado capilar, present\u00f3 Essenza, una nueva marca orientada a atender las diferentes caracter\u00edsticas y necesidades del cabello.<\/p>\n\n\n\n<p>La compa\u00f1\u00eda fue fundada en 2001 por Rafael Sena y Geovanny Mateo, quienes contin\u00faan al frente de la organizaci\u00f3n como presidente y gerente general, respectivamente. A ellos se ha sumado una segunda generaci\u00f3n que ocupa posiciones en \u00e1reas administrativas, de marketing, producto, log\u00edstica y operaciones.<\/p>\n\n\n\n<p>Karen Sena y Karolin Sena participaron en el desarrollo de Essenza a partir de sus propias experiencias con diferentes texturas de cabello. \u201cEssenza naci\u00f3 de una necesidad que conoc\u00edamos de cerca. Somos dos hermanas con texturas de cabello diferentes y eso nos permiti\u00f3 vivir en primera persona que no existe una \u00fanica rutina que funcione para todas\u201d, explicaron.<\/p>\n\n\n\n<p>El proyecto comenz\u00f3 a desarrollarse en 2024. La primera propuesta fue Essenza Ch\u00eda &amp; Ginger, integrada por siete productos, mientras que posteriormente fue creada Essenza Rizos, compuesta por shampoo, mascarilla, prepoo, crema de peinar y gel definidor.<\/p>\n\n\n\n<p>Seg\u00fan la empresa, el desarrollo de las l\u00edneas tom\u00f3 entre cinco y seis meses e incluy\u00f3 procesos de formulaci\u00f3n dirigidos a necesidades espec\u00edficas de los distintos tipos de cabello.<\/p>\n\n\n\n<p>25 a\u00f1os de trayectoria<\/p>\n\n\n\n<p>El lanzamiento coincide con los 25 a\u00f1os de operaciones de Laboratorios Karenst, per\u00edodo durante el cual la compa\u00f1\u00eda ha colocado sus productos en mercados como Estados Unidos, Puerto Rico y Cuba.<\/p>\n\n\n\n<p>Con Essenza, la empresa busca ampliar su presencia en Rep\u00fablica Dominicana y aprovechar la experiencia acumulada durante su proceso de expansi\u00f3n internacional.<\/p>\n\n\n\n<p>\u201cRD es nuestro hogar y queremos que todo lo que hemos aprendido durante estos a\u00f1os tambi\u00e9n se traduzca en soluciones para nuestra propia comunidad\u201d, expres\u00f3 Karolin Sena.<\/p>\n\n\n\n<p>La segunda generaci\u00f3n tambi\u00e9n ha asumido responsabilidades dentro de la estructura empresarial. Karen Sena est\u00e1 vinculada a la administraci\u00f3n; Karolin Sena dirige marketing y producto, y Pablo Pe\u00f1a tiene a su cargo log\u00edstica y operaciones.<\/p>\n\n\n\n<p>Para Rafael Sena, la trayectoria de la empresa ha estado marcada por el prop\u00f3sito de mantener est\u00e1ndares de calidad en el desarrollo de sus productos. \u201cDesde nuestros inicios, nuestras f\u00f3rmulas se crearon con ese principio: hacerlo bien o no hacer nada\u201d, afirm\u00f3.<\/p>\n\n\n\n<p>La presentaci\u00f3n de Essenza Rizos y de la nueva imagen corporativa de Laboratorios Karenst se realiz\u00f3 en Santo Domingo, en un encuentro con representantes de la empresa, creadoras de contenido e invitadas especiales.<\/p>\n\n\n\n<p>El lanzamiento se produce en un momento de transici\u00f3n generacional para la compa\u00f1\u00eda, con sus fundadores a\u00fan en la direcci\u00f3n y sus sucesores incorporados progresivamente a las \u00e1reas estrat\u00e9gicas del negocio.<\/p>\n","protected":false},"excerpt":{"rendered":"<p>La empresa dominicana, fundada en 2001, desarrolla nuevas l\u00edneas para diferentes tipos y texturas de cabello y mantiene presencia en mercados internacionales SANTO DOMINGO, D.N. \u2014 Laboratorios Karenst, empresa dominicana dedicada al desarrollo de productos para el cuidado capilar, present\u00f3 Essenza, una nueva marca orientada a atender las diferentes caracter\u00edsticas y necesidades del cabello. La&#8230;<\/p>\n","protected":false},"author":1,"featured_media":1935,"comment_status":"open","ping_status":"open","sticky":false,"template":"","format":"standard","meta":{"footnotes":""},"categories":[3],"tags":[],"class_list":["post-1934","post","type-post","status-publish","format-standard","has-post-thumbnail","hentry","category-nacionales"],"yoast_head":"<!-- This site is optimized with the Yoast SEO plugin v28.1 - https:\/\/yoast.com\/product\/yoast-seo-wordpress\/ -->\n<title>Laboratorios Karenst presenta Essenza y fortalece su relevo generacional - LODEHOYRD.COM<\/title>\n<meta name=\"robots\" content=\"index, follow, max-snippet:-1, max-image-preview:large, max-video-preview:-1\" \/>\n<link rel=\"canonical\" href=\"https:\/\/lodehoyrd.com\/?p=1934\" \/>\n<meta property=\"og:locale\" content=\"es_ES\" \/>\n<meta property=\"og:type\" content=\"article\" \/>\n<meta property=\"og:title\" content=\"Laboratorios Karenst presenta Essenza y fortalece su relevo generacional - LODEHOYRD.COM\" \/>\n<meta property=\"og:description\" content=\"La empresa dominicana, fundada en 2001, desarrolla nuevas l\u00edneas para diferentes tipos y texturas de cabello y mantiene presencia en mercados internacionales SANTO DOMINGO, D.N. \u2014 Laboratorios Karenst, empresa dominicana dedicada al desarrollo de productos para el cuidado capilar, present\u00f3 Essenza, una nueva marca orientada a atender las diferentes caracter\u00edsticas y necesidades del cabello. La...\" \/>\n<meta property=\"og:url\" content=\"https:\/\/lodehoyrd.com\/?p=1934\" \/>\n<meta property=\"og:site_name\" content=\"LODEHOYRD.COM\" \/>\n<meta property=\"article:publisher\" content=\"https:\/\/www.facebook.com\/lodeoyrd\/\" \/>\n<meta property=\"article:published_time\" content=\"2026-09-02T01:55:22+00:00\" \/>\n<meta property=\"article:modified_time\" content=\"2026-09-02T01:55:23+00:00\" \/>\n<meta property=\"og:image\" content=\"https:\/\/lodehoyrd.com\/wp-content\/uploads\/2026\/09\/WhatsApp-Image-2026-09-01-at-9.54.01-PM.jpeg\" \/>\n\t<meta property=\"og:image:width\" content=\"1280\" \/>\n\t<meta property=\"og:image:height\" content=\"851\" \/>\n\t<meta property=\"og:image:type\" content=\"image\/jpeg\" \/>\n<meta name=\"author\" content=\"estebandelarosa2820@gmail.com\" \/>\n<meta name=\"twitter:card\" content=\"summary_large_image\" \/>\n<meta name=\"twitter:creator\" content=\"@PatriotasDom\" \/>\n<meta name=\"twitter:site\" content=\"@PatriotasDom\" \/>\n<meta name=\"twitter:label1\" content=\"Written by\" \/>\n\t<meta name=\"twitter:data1\" content=\"estebandelarosa2820@gmail.com\" \/>\n\t<meta name=\"twitter:label2\" content=\"Est. reading time\" \/>\n\t<meta name=\"twitter:data2\" content=\"3 minutos\" \/>\n<!-- \/ Yoast SEO plugin. -->","yoast_head_json":{"title":"Laboratorios Karenst presenta Essenza y fortalece su relevo generacional - LODEHOYRD.COM","robots":{"index":"index","follow":"follow","max-snippet":"max-snippet:-1","max-image-preview":"max-image-preview:large","max-video-preview":"max-video-preview:-1"},"canonical":"https:\/\/lodehoyrd.com\/?p=1934","og_locale":"es_ES","og_type":"article","og_title":"Laboratorios Karenst presenta Essenza y fortalece su relevo generacional - LODEHOYRD.COM","og_description":"La empresa dominicana, fundada en 2001, desarrolla nuevas l\u00edneas para diferentes tipos y texturas de cabello y mantiene presencia en mercados internacionales SANTO DOMINGO, D.N. \u2014 Laboratorios Karenst, empresa dominicana dedicada al desarrollo de productos para el cuidado capilar, present\u00f3 Essenza, una nueva marca orientada a atender las diferentes caracter\u00edsticas y necesidades del cabello. La...","og_url":"https:\/\/lodehoyrd.com\/?p=1934","og_site_name":"LODEHOYRD.COM","article_publisher":"https:\/\/www.facebook.com\/lodeoyrd\/","article_published_time":"2026-09-02T01:55:22+00:00","article_modified_time":"2026-09-02T01:55:23+00:00","og_image":[{"width":1280,"height":851,"url":"https:\/\/lodehoyrd.com\/wp-content\/uploads\/2026\/09\/WhatsApp-Image-2026-09-01-at-9.54.01-PM.jpeg","type":"image\/jpeg"}],"author":"estebandelarosa2820@gmail.com","twitter_card":"summary_large_image","twitter_creator":"@PatriotasDom","twitter_site":"@PatriotasDom","twitter_misc":{"Written by":"estebandelarosa2820@gmail.com","Est. reading time":"3 minutos"},"schema":{"@context":"https:\/\/schema.org","@graph":[{"@type":"Article","@id":"https:\/\/lodehoyrd.com\/?p=1934#article","isPartOf":{"@id":"https:\/\/lodehoyrd.com\/?p=1934"},"author":{"name":"estebandelarosa2820@gmail.com","@id":"https:\/\/lodehoyrd.com\/#\/schema\/person\/080cec02e9cd72318c5b8c215402abd7"},"headline":"Laboratorios Karenst presenta Essenza y fortalece su relevo generacional","datePublished":"2026-09-02T01:55:22+00:00","dateModified":"2026-09-02T01:55:23+00:00","mainEntityOfPage":{"@id":"https:\/\/lodehoyrd.com\/?p=1934"},"wordCount":487,"commentCount":0,"publisher":{"@id":"https:\/\/lodehoyrd.com\/#organization"},"image":{"@id":"https:\/\/lodehoyrd.com\/?p=1934#primaryimage"},"thumbnailUrl":"https:\/\/lodehoyrd.com\/wp-content\/uploads\/2026\/09\/WhatsApp-Image-2026-09-01-at-9.54.01-PM.jpeg","articleSection":["NACIONALES"],"inLanguage":"es-DO","potentialAction":[{"@type":"CommentAction","name":"Comment","target":["https:\/\/lodehoyrd.com\/?p=1934#respond"]}]},{"@type":"WebPage","@id":"https:\/\/lodehoyrd.com\/?p=1934","url":"https:\/\/lodehoyrd.com\/?p=1934","name":"Laboratorios Karenst presenta Essenza y fortalece su relevo generacional - LODEHOYRD.COM","isPartOf":{"@id":"https:\/\/lodehoyrd.com\/#website"},"primaryImageOfPage":{"@id":"https:\/\/lodehoyrd.com\/?p=1934#primaryimage"},"image":{"@id":"https:\/\/lodehoyrd.com\/?p=1934#primaryimage"},"thumbnailUrl":"https:\/\/lodehoyrd.com\/wp-content\/uploads\/2026\/09\/WhatsApp-Image-2026-09-01-at-9.54.01-PM.jpeg","datePublished":"2026-09-02T01:55:22+00:00","dateModified":"2026-09-02T01:55:23+00:00","breadcrumb":{"@id":"https:\/\/lodehoyrd.com\/?p=1934#breadcrumb"},"inLanguage":"es-DO","potentialAction":[{"@type":"ReadAction","target":["https:\/\/lodehoyrd.com\/?p=1934"]}]},{"@type":"ImageObject","inLanguage":"es-DO","@id":"https:\/\/lodehoyrd.com\/?p=1934#primaryimage","url":"https:\/\/lodehoyrd.com\/wp-content\/uploads\/2026\/09\/WhatsApp-Image-2026-09-01-at-9.54.01-PM.jpeg","contentUrl":"https:\/\/lodehoyrd.com\/wp-content\/uploads\/2026\/09\/WhatsApp-Image-2026-09-01-at-9.54.01-PM.jpeg","width":1280,"height":851},{"@type":"BreadcrumbList","@id":"https:\/\/lodehoyrd.com\/?p=1934#breadcrumb","itemListElement":[{"@type":"ListItem","position":1,"name":"Home","item":"https:\/\/lodehoyrd.com\/"},{"@type":"ListItem","position":2,"name":"Laboratorios Karenst presenta Essenza y fortalece su relevo generacional"}]},{"@type":"WebSite","@id":"https:\/\/lodehoyrd.com\/#website","url":"https:\/\/lodehoyrd.com\/","name":"LODEHOYRD.COM","description":"INFORMACION ACTUAL Y VERAZ ","publisher":{"@id":"https:\/\/lodehoyrd.com\/#organization"},"potentialAction":[{"@type":"SearchAction","target":{"@type":"EntryPoint","urlTemplate":"https:\/\/lodehoyrd.com\/?s={search_term_string}"},"query-input":{"@type":"PropertyValueSpecification","valueRequired":true,"valueName":"search_term_string"}}],"inLanguage":"es-DO"},{"@type":"Organization","@id":"https:\/\/lodehoyrd.com\/#organization","name":"LODEHOYRD","url":"https:\/\/lodehoyrd.com\/","logo":{"@type":"ImageObject","inLanguage":"es-DO","@id":"https:\/\/lodehoyrd.com\/#\/schema\/logo\/image\/","url":"https:\/\/lodehoyrd.com\/wp-content\/uploads\/2026\/01\/cropped-587839248_1764678434311177_7454960250106730443_n.jpg","contentUrl":"https:\/\/lodehoyrd.com\/wp-content\/uploads\/2026\/01\/cropped-587839248_1764678434311177_7454960250106730443_n.jpg","width":512,"height":512,"caption":"LODEHOYRD"},"image":{"@id":"https:\/\/lodehoyrd.com\/#\/schema\/logo\/image\/"},"sameAs":["https:\/\/www.facebook.com\/lodeoyrd\/","https:\/\/x.com\/PatriotasDom","https:\/\/www.instagram.com\/lodehoyr\/","https:\/\/www.tiktok.com\/@lodehoyrd"]},{"@type":"Person","@id":"https:\/\/lodehoyrd.com\/#\/schema\/person\/080cec02e9cd72318c5b8c215402abd7","name":"estebandelarosa2820@gmail.com","image":{"@type":"ImageObject","inLanguage":"es-DO","@id":"https:\/\/secure.gravatar.com\/avatar\/cb4cce556556a7dd79eed4e5ff8c9cc5af640bad7cbcc06114b5f9300bb6f631?s=96&d=mm&r=g","url":"https:\/\/secure.gravatar.com\/avatar\/cb4cce556556a7dd79eed4e5ff8c9cc5af640bad7cbcc06114b5f9300bb6f631?s=96&d=mm&r=g","contentUrl":"https:\/\/secure.gravatar.com\/avatar\/cb4cce556556a7dd79eed4e5ff8c9cc5af640bad7cbcc06114b5f9300bb6f631?s=96&d=mm&r=g","caption":"estebandelarosa2820@gmail.com"},"sameAs":["https:\/\/lodehoyrd.com"],"url":"https:\/\/lodehoyrd.com\/?author=1"}]}},"_links":{"self":[{"href":"https:\/\/lodehoyrd.com\/index.php?rest_route=\/wp\/v2\/posts\/1934","targetHints":{"allow":["GET"]}}],"collection":[{"href":"https:\/\/lodehoyrd.com\/index.php?rest_route=\/wp\/v2\/posts"}],"about":[{"href":"https:\/\/lodehoyrd.com\/index.php?rest_route=\/wp\/v2\/types\/post"}],"author":[{"embeddable":true,"href":"https:\/\/lodehoyrd.com\/index.php?rest_route=\/wp\/v2\/users\/1"}],"replies":[{"embeddable":true,"href":"https:\/\/lodehoyrd.com\/index.php?rest_route=%2Fwp%2Fv2%2Fcomments&post=1934"}],"version-history":[{"count":1,"href":"https:\/\/lodehoyrd.com\/index.php?rest_route=\/wp\/v2\/posts\/1934\/revisions"}],"predecessor-version":[{"id":1936,"href":"https:\/\/lodehoyrd.com\/index.php?rest_route=\/wp\/v2\/posts\/1934\/revisions\/1936"}],"wp:featuredmedia":[{"embeddable":true,"href":"https:\/\/lodehoyrd.com\/index.php?rest_route=\/wp\/v2\/media\/1935"}],"wp:attachment":[{"href":"https:\/\/lodehoyrd.com\/index.php?rest_route=%2Fwp%2Fv2%2Fmedia&parent=1934"}],"wp:term":[{"taxonomy":"category","embeddable":true,"href":"https:\/\/lodehoyrd.com\/index.php?rest_route=%2Fwp%2Fv2%2Fcategories&post=1934"},{"taxonomy":"post_tag","embeddable":true,"href":"https:\/\/lodehoyrd.com\/index.php?rest_route=%2Fwp%2Fv2%2Ftags&post=1934"}],"curies":[{"name":"wp","href":"https:\/\/api.w.org\/{rel}","templated":true}]}}