{"id":1931,"date":"2026-09-01T21:40:16","date_gmt":"2026-09-02T01:40:16","guid":{"rendered":"https:\/\/lodehoyrd.com\/?p=1931"},"modified":"2026-09-01T21:40:16","modified_gmt":"2026-09-02T01:40:16","slug":"danilo-destaca-la-labor-de-luis-de-leon-y-proyecta-el-triunfo-electoral-del-pld","status":"publish","type":"post","link":"https:\/\/lodehoyrd.com\/?p=1931","title":{"rendered":"Danilo destaca la labor de Luis de Le\u00f3n y proyecta el triunfo electoral del PLD"},"content":{"rendered":"\n<p><\/p>\n\n\n\n<figure class=\"wp-block-image size-large\"><img loading=\"lazy\" decoding=\"async\" width=\"473\" height=\"1024\" src=\"https:\/\/lodehoyrd.com\/wp-content\/uploads\/2026\/09\/WhatsApp-Image-2026-09-01-at-5.09.45-PM-473x1024.jpeg\" alt=\"\" class=\"wp-image-1932\" srcset=\"https:\/\/lodehoyrd.com\/wp-content\/uploads\/2026\/09\/WhatsApp-Image-2026-09-01-at-5.09.45-PM-473x1024.jpeg 473w, https:\/\/lodehoyrd.com\/wp-content\/uploads\/2026\/09\/WhatsApp-Image-2026-09-01-at-5.09.45-PM-139x300.jpeg 139w, https:\/\/lodehoyrd.com\/wp-content\/uploads\/2026\/09\/WhatsApp-Image-2026-09-01-at-5.09.45-PM-709x1536.jpeg 709w, https:\/\/lodehoyrd.com\/wp-content\/uploads\/2026\/09\/WhatsApp-Image-2026-09-01-at-5.09.45-PM.jpeg 739w\" sizes=\"auto, (max-width: 473px) 100vw, 473px\" \/><\/figure>\n\n\n\n<p>SANTO DOMINGO.- En su condici\u00f3n de aspirante presidencial por el Partido de la Liberaci\u00f3n Dominicana (PLD), Luis de Le\u00f3n fue recibido por el presidente de esa organizaci\u00f3n pol\u00edtica, Danilo Medina, quien lo felicit\u00f3 por su importante participaci\u00f3n en el debate p\u00fablico.<\/p>\n\n\n\n<p>El encuentro fue celebrado en la Oficina pol\u00edtica del expresidente y l\u00edder del PLD, quien resalt\u00f3 la labor pol\u00edtica de su compa\u00f1ero de partido. A su vez, De Le\u00f3n felicit\u00f3 a Medina por sus ingentes esfuerzos para levantar al PLD con miras a ganar las elecciones del 2028.<\/p>\n\n\n\n<p>&#8220;El presidente Danilo Medina valor\u00f3 y reconoci\u00f3 nuestra participaci\u00f3n en el sentido de que manifestamos lo que hay que decir y lo que quieren el partido y el pueblo escuchar. Tambi\u00e9n valor\u00f3 nuestra larga condici\u00f3n de boschista y firme defensor de los gobiernos del PLD&#8221;, informa Luis de Le\u00f3n en nota de prensa.<\/p>\n\n\n\n<p>Indic\u00f3 que ambos pasaron revista a la situaci\u00f3n pol\u00edtica nacional y que Medina garantiz\u00f3 que el PLD escoger\u00e1 exitosamente a su candidato mediante un proceso transparente y democr\u00e1tico por el bien de la democracia dominicana.<\/p>\n\n\n\n<p>&#8220;En este importante encuentro, el presidente Medina manifest\u00f3 que el partido siempre ha sido abanderado de la unidad nacional y que esta vez no ser\u00e1 la excepci\u00f3n, porque estas autoridades no pueden seguir gobernando m\u00e1s del 2028, ya que el pueblo no aguanta m\u00e1s y est\u00e1 decidido a sacar al PRM del poder&#8221;, a\u00f1adi\u00f3.<\/p>\n\n\n\n<p>De Le\u00f3n, quien preside la Fuerza Boschista, reiter\u00f3 que este Gobierno solo beneficia a los sectores empresariales olig\u00e1rquicos y financieros, golpeando sin piedad a los m\u00e1s pobres y a la clase media.<\/p>\n\n\n\n<p>&#8220;De ah\u00ed que en todas partes el pueblo dice que con el PLD viv\u00eda mejor que ahora, porque el PLD es el gran partido de la democracia dominicana, ya que ha beneficiado a los m\u00e1s necesitados y a la clase media. Adem\u00e1s, el pueblo ya sabe que los campeones de la corrupci\u00f3n son estas autoridades del Gobierno del PRM&#8221;, asegur\u00f3.<\/p>\n\n\n\n<p>El educador y dirigente pol\u00edtico coment\u00f3 que el PLD tiene una buena perspectiva de lograr el triunfo electoral en el 2028 para rescatar al pa\u00eds del retroceso en que lo ha sumido esta administraci\u00f3n.<\/p>\n\n\n\n<p>En su encuentro con el expresidente, destac\u00f3 la necesidad de la unidad de la oposici\u00f3n para construir un gran frente nacional contra la incapacidad del PRM y as\u00ed reconducir al pa\u00eds por el sendero del progreso y el bienestar.<\/p>\n\n\n\n<p>En ese sentido, De Le\u00f3n resalt\u00f3 el gran desempe\u00f1o que realizan los dem\u00e1s aspirantes presidenciales por el PLD: Gonzalo Castillo, Abel Mart\u00ednez, Francisco Dom\u00ednguez Brito, Francisco Javier Garc\u00eda y Manfred Mata.<\/p>\n\n\n\n<p>Finalmente, afirm\u00f3 que seguir\u00e1 enarbolando la bandera del boschismo y la dignidad humana, la justicia social y la igualdad democr\u00e1tica, tal y como lo predic\u00f3 siempre el l\u00edder hist\u00f3rico del PLD, el profesor Juan Bosch.<\/p>\n","protected":false},"excerpt":{"rendered":"<p>SANTO DOMINGO.- En su condici\u00f3n de aspirante presidencial por el Partido de la Liberaci\u00f3n Dominicana (PLD), Luis de Le\u00f3n fue recibido por el presidente de esa organizaci\u00f3n pol\u00edtica, Danilo Medina, quien lo felicit\u00f3 por su importante participaci\u00f3n en el debate p\u00fablico. El encuentro fue celebrado en la Oficina pol\u00edtica del expresidente y l\u00edder del PLD,&#8230;<\/p>\n","protected":false},"author":1,"featured_media":0,"comment_status":"open","ping_status":"open","sticky":false,"template":"","format":"standard","meta":{"footnotes":""},"categories":[1],"tags":[],"class_list":["post-1931","post","type-post","status-publish","format-standard","hentry","category-sin-categoria"],"yoast_head":"<!-- This site is optimized with the Yoast SEO plugin v28.1 - https:\/\/yoast.com\/product\/yoast-seo-wordpress\/ -->\n<title>Danilo destaca la labor de Luis de Le\u00f3n y proyecta el triunfo electoral del PLD - LODEHOYRD.COM<\/title>\n<meta name=\"robots\" content=\"index, follow, max-snippet:-1, max-image-preview:large, max-video-preview:-1\" \/>\n<link rel=\"canonical\" href=\"https:\/\/lodehoyrd.com\/?p=1931\" \/>\n<meta property=\"og:locale\" content=\"es_ES\" \/>\n<meta property=\"og:type\" content=\"article\" \/>\n<meta property=\"og:title\" content=\"Danilo destaca la labor de Luis de Le\u00f3n y proyecta el triunfo electoral del PLD - LODEHOYRD.COM\" \/>\n<meta property=\"og:description\" content=\"SANTO DOMINGO.- En su condici\u00f3n de aspirante presidencial por el Partido de la Liberaci\u00f3n Dominicana (PLD), Luis de Le\u00f3n fue recibido por el presidente de esa organizaci\u00f3n pol\u00edtica, Danilo Medina, quien lo felicit\u00f3 por su importante participaci\u00f3n en el debate p\u00fablico. El encuentro fue celebrado en la Oficina pol\u00edtica del expresidente y l\u00edder del PLD,...\" \/>\n<meta property=\"og:url\" content=\"https:\/\/lodehoyrd.com\/?p=1931\" \/>\n<meta property=\"og:site_name\" content=\"LODEHOYRD.COM\" \/>\n<meta property=\"article:publisher\" content=\"https:\/\/www.facebook.com\/lodeoyrd\/\" \/>\n<meta property=\"article:published_time\" content=\"2026-09-02T01:40:16+00:00\" \/>\n<meta property=\"og:image\" content=\"https:\/\/lodehoyrd.com\/wp-content\/uploads\/2026\/09\/WhatsApp-Image-2026-09-01-at-5.09.45-PM.jpeg\" \/>\n\t<meta property=\"og:image:width\" content=\"739\" \/>\n\t<meta property=\"og:image:height\" content=\"1600\" \/>\n\t<meta property=\"og:image:type\" content=\"image\/jpeg\" \/>\n<meta name=\"author\" content=\"estebandelarosa2820@gmail.com\" \/>\n<meta name=\"twitter:card\" content=\"summary_large_image\" \/>\n<meta name=\"twitter:creator\" content=\"@PatriotasDom\" \/>\n<meta name=\"twitter:site\" content=\"@PatriotasDom\" \/>\n<meta name=\"twitter:label1\" content=\"Written by\" \/>\n\t<meta name=\"twitter:data1\" content=\"estebandelarosa2820@gmail.com\" \/>\n\t<meta name=\"twitter:label2\" content=\"Est. reading time\" \/>\n\t<meta name=\"twitter:data2\" content=\"3 minutos\" \/>\n<!-- \/ Yoast SEO plugin. -->","yoast_head_json":{"title":"Danilo destaca la labor de Luis de Le\u00f3n y proyecta el triunfo electoral del PLD - LODEHOYRD.COM","robots":{"index":"index","follow":"follow","max-snippet":"max-snippet:-1","max-image-preview":"max-image-preview:large","max-video-preview":"max-video-preview:-1"},"canonical":"https:\/\/lodehoyrd.com\/?p=1931","og_locale":"es_ES","og_type":"article","og_title":"Danilo destaca la labor de Luis de Le\u00f3n y proyecta el triunfo electoral del PLD - LODEHOYRD.COM","og_description":"SANTO DOMINGO.- En su condici\u00f3n de aspirante presidencial por el Partido de la Liberaci\u00f3n Dominicana (PLD), Luis de Le\u00f3n fue recibido por el presidente de esa organizaci\u00f3n pol\u00edtica, Danilo Medina, quien lo felicit\u00f3 por su importante participaci\u00f3n en el debate p\u00fablico. El encuentro fue celebrado en la Oficina pol\u00edtica del expresidente y l\u00edder del PLD,...","og_url":"https:\/\/lodehoyrd.com\/?p=1931","og_site_name":"LODEHOYRD.COM","article_publisher":"https:\/\/www.facebook.com\/lodeoyrd\/","article_published_time":"2026-09-02T01:40:16+00:00","og_image":[{"width":739,"height":1600,"url":"https:\/\/lodehoyrd.com\/wp-content\/uploads\/2026\/09\/WhatsApp-Image-2026-09-01-at-5.09.45-PM.jpeg","type":"image\/jpeg"}],"author":"estebandelarosa2820@gmail.com","twitter_card":"summary_large_image","twitter_creator":"@PatriotasDom","twitter_site":"@PatriotasDom","twitter_misc":{"Written by":"estebandelarosa2820@gmail.com","Est. reading time":"3 minutos"},"schema":{"@context":"https:\/\/schema.org","@graph":[{"@type":"Article","@id":"https:\/\/lodehoyrd.com\/?p=1931#article","isPartOf":{"@id":"https:\/\/lodehoyrd.com\/?p=1931"},"author":{"name":"estebandelarosa2820@gmail.com","@id":"https:\/\/lodehoyrd.com\/#\/schema\/person\/080cec02e9cd72318c5b8c215402abd7"},"headline":"Danilo destaca la labor de Luis de Le\u00f3n y proyecta el triunfo electoral del PLD","datePublished":"2026-09-02T01:40:16+00:00","mainEntityOfPage":{"@id":"https:\/\/lodehoyrd.com\/?p=1931"},"wordCount":520,"commentCount":0,"publisher":{"@id":"https:\/\/lodehoyrd.com\/#organization"},"image":{"@id":"https:\/\/lodehoyrd.com\/?p=1931#primaryimage"},"thumbnailUrl":"https:\/\/lodehoyrd.com\/wp-content\/uploads\/2026\/09\/WhatsApp-Image-2026-09-01-at-5.09.45-PM-473x1024.jpeg","inLanguage":"es-DO","potentialAction":[{"@type":"CommentAction","name":"Comment","target":["https:\/\/lodehoyrd.com\/?p=1931#respond"]}]},{"@type":"WebPage","@id":"https:\/\/lodehoyrd.com\/?p=1931","url":"https:\/\/lodehoyrd.com\/?p=1931","name":"Danilo destaca la labor de Luis de Le\u00f3n y proyecta el triunfo electoral del PLD - LODEHOYRD.COM","isPartOf":{"@id":"https:\/\/lodehoyrd.com\/#website"},"primaryImageOfPage":{"@id":"https:\/\/lodehoyrd.com\/?p=1931#primaryimage"},"image":{"@id":"https:\/\/lodehoyrd.com\/?p=1931#primaryimage"},"thumbnailUrl":"https:\/\/lodehoyrd.com\/wp-content\/uploads\/2026\/09\/WhatsApp-Image-2026-09-01-at-5.09.45-PM-473x1024.jpeg","datePublished":"2026-09-02T01:40:16+00:00","breadcrumb":{"@id":"https:\/\/lodehoyrd.com\/?p=1931#breadcrumb"},"inLanguage":"es-DO","potentialAction":[{"@type":"ReadAction","target":["https:\/\/lodehoyrd.com\/?p=1931"]}]},{"@type":"ImageObject","inLanguage":"es-DO","@id":"https:\/\/lodehoyrd.com\/?p=1931#primaryimage","url":"https:\/\/lodehoyrd.com\/wp-content\/uploads\/2026\/09\/WhatsApp-Image-2026-09-01-at-5.09.45-PM.jpeg","contentUrl":"https:\/\/lodehoyrd.com\/wp-content\/uploads\/2026\/09\/WhatsApp-Image-2026-09-01-at-5.09.45-PM.jpeg","width":739,"height":1600},{"@type":"BreadcrumbList","@id":"https:\/\/lodehoyrd.com\/?p=1931#breadcrumb","itemListElement":[{"@type":"ListItem","position":1,"name":"Home","item":"https:\/\/lodehoyrd.com\/"},{"@type":"ListItem","position":2,"name":"Danilo destaca la labor de Luis de Le\u00f3n y proyecta el triunfo electoral del PLD"}]},{"@type":"WebSite","@id":"https:\/\/lodehoyrd.com\/#website","url":"https:\/\/lodehoyrd.com\/","name":"LODEHOYRD.COM","description":"INFORMACION ACTUAL Y VERAZ ","publisher":{"@id":"https:\/\/lodehoyrd.com\/#organization"},"potentialAction":[{"@type":"SearchAction","target":{"@type":"EntryPoint","urlTemplate":"https:\/\/lodehoyrd.com\/?s={search_term_string}"},"query-input":{"@type":"PropertyValueSpecification","valueRequired":true,"valueName":"search_term_string"}}],"inLanguage":"es-DO"},{"@type":"Organization","@id":"https:\/\/lodehoyrd.com\/#organization","name":"LODEHOYRD","url":"https:\/\/lodehoyrd.com\/","logo":{"@type":"ImageObject","inLanguage":"es-DO","@id":"https:\/\/lodehoyrd.com\/#\/schema\/logo\/image\/","url":"https:\/\/lodehoyrd.com\/wp-content\/uploads\/2026\/01\/cropped-587839248_1764678434311177_7454960250106730443_n.jpg","contentUrl":"https:\/\/lodehoyrd.com\/wp-content\/uploads\/2026\/01\/cropped-587839248_1764678434311177_7454960250106730443_n.jpg","width":512,"height":512,"caption":"LODEHOYRD"},"image":{"@id":"https:\/\/lodehoyrd.com\/#\/schema\/logo\/image\/"},"sameAs":["https:\/\/www.facebook.com\/lodeoyrd\/","https:\/\/x.com\/PatriotasDom","https:\/\/www.instagram.com\/lodehoyr\/","https:\/\/www.tiktok.com\/@lodehoyrd"]},{"@type":"Person","@id":"https:\/\/lodehoyrd.com\/#\/schema\/person\/080cec02e9cd72318c5b8c215402abd7","name":"estebandelarosa2820@gmail.com","image":{"@type":"ImageObject","inLanguage":"es-DO","@id":"https:\/\/secure.gravatar.com\/avatar\/cb4cce556556a7dd79eed4e5ff8c9cc5af640bad7cbcc06114b5f9300bb6f631?s=96&d=mm&r=g","url":"https:\/\/secure.gravatar.com\/avatar\/cb4cce556556a7dd79eed4e5ff8c9cc5af640bad7cbcc06114b5f9300bb6f631?s=96&d=mm&r=g","contentUrl":"https:\/\/secure.gravatar.com\/avatar\/cb4cce556556a7dd79eed4e5ff8c9cc5af640bad7cbcc06114b5f9300bb6f631?s=96&d=mm&r=g","caption":"estebandelarosa2820@gmail.com"},"sameAs":["https:\/\/lodehoyrd.com"],"url":"https:\/\/lodehoyrd.com\/?author=1"}]}},"_links":{"self":[{"href":"https:\/\/lodehoyrd.com\/index.php?rest_route=\/wp\/v2\/posts\/1931","targetHints":{"allow":["GET"]}}],"collection":[{"href":"https:\/\/lodehoyrd.com\/index.php?rest_route=\/wp\/v2\/posts"}],"about":[{"href":"https:\/\/lodehoyrd.com\/index.php?rest_route=\/wp\/v2\/types\/post"}],"author":[{"embeddable":true,"href":"https:\/\/lodehoyrd.com\/index.php?rest_route=\/wp\/v2\/users\/1"}],"replies":[{"embeddable":true,"href":"https:\/\/lodehoyrd.com\/index.php?rest_route=%2Fwp%2Fv2%2Fcomments&post=1931"}],"version-history":[{"count":1,"href":"https:\/\/lodehoyrd.com\/index.php?rest_route=\/wp\/v2\/posts\/1931\/revisions"}],"predecessor-version":[{"id":1933,"href":"https:\/\/lodehoyrd.com\/index.php?rest_route=\/wp\/v2\/posts\/1931\/revisions\/1933"}],"wp:attachment":[{"href":"https:\/\/lodehoyrd.com\/index.php?rest_route=%2Fwp%2Fv2%2Fmedia&parent=1931"}],"wp:term":[{"taxonomy":"category","embeddable":true,"href":"https:\/\/lodehoyrd.com\/index.php?rest_route=%2Fwp%2Fv2%2Fcategories&post=1931"},{"taxonomy":"post_tag","embeddable":true,"href":"https:\/\/lodehoyrd.com\/index.php?rest_route=%2Fwp%2Fv2%2Ftags&post=1931"}],"curies":[{"name":"wp","href":"https:\/\/api.w.org\/{rel}","templated":true}]}}