{"id":13,"date":"2026-01-25T03:24:31","date_gmt":"2026-01-25T07:24:31","guid":{"rendered":"https:\/\/lodehoyrd.com\/?p=13"},"modified":"2026-01-25T03:24:31","modified_gmt":"2026-01-25T07:24:31","slug":"dominicana-y-p-rico-inician-una-campana-de-promocion-conjunta","status":"publish","type":"post","link":"https:\/\/lodehoyrd.com\/?p=13","title":{"rendered":"Dominicana y P. Rico inician una campa\u00f1a de promoci\u00f3n conjunta"},"content":{"rendered":"\n<p>MADRID, Espa\u00f1a, 24 de enero.\u2014 Rep\u00fablica Dominicana y Puerto Rico presentaron su primera campa\u00f1a multi-destino, un hito sin precedentes de colaboraci\u00f3n tur\u00edstica regional que marca el inicio de una nueva etapa para el posicionamiento del Caribe en los mercados internacionales.<\/p>\n\n\n\n<p>El lanzamiento se llev\u00f3 a cabo desde el stand dominicano en FITUR 2026, una de las principales plataformas globales de la industria tur\u00edstica.<\/p>\n\n\n\n<p>La campa\u00f1a, \u201cJuntos Somos el Caribe\u201d, naci\u00f3 a partir de las conversaciones sostenidas durante la actividad y encontr\u00f3 en esta edici\u00f3n de la feria el escenario ideal para su presentaci\u00f3n ante turoperadores, aerol\u00edneas, medios especializados y aliados estrat\u00e9gicos de Europa y Latinoam\u00e9rica.<\/p>\n\n\n\n<p><strong>COMISIONES DE AMBOS PAISES<\/strong><\/p>\n\n\n\n<p>La presentaci\u00f3n fue hecha por la delegaci\u00f3n de la Rep\u00fablica Dominicana, liderada por el ministro de Turismo, David Collado, y la viceministra Tammy Reynoso.<\/p>\n\n\n\n<p>Por Puerto Rico la gobernadora Jenniffer Gonz\u00e1lez Col\u00f3n, la directora ejecutiva de la Compa\u00f1\u00eda de Turismo del pa\u00eds, Willianette Robles Cancel, y Jorge L. P\u00e9rez, CEO de Discover.<\/p>\n\n\n\n<p>Adem\u00e1s, estuvieron presentes otros funcionarios y representantes de ambas delegaciones.<\/p>\n\n\n\n<p><strong>&nbsp;CONEXI\u00d3N ESPECIAL ENTRE DOMINICANOS Y PUERTORIQUE\u00d1OS<\/strong><\/p>\n\n\n\n<p>\u201cEntre la Rep\u00fablica Dominicana y Puerto Rico existe una conexi\u00f3n especial, forjada por la historia, la cultura y nuestras ra\u00edces caribe\u00f1as. Hoy damos un paso importante al presentar una propuesta tur\u00edstica complementaria, que suma fortalezas y ampl\u00eda la experiencia del viajero\u201d, destac\u00f3 el Ministro Collado.<\/p>\n\n\n\n<p>Dijo que con esta campa\u00f1a \u201cdemostramos que juntos somos m\u00e1s competitivos, m\u00e1s atractivos y m\u00e1s relevantes en los mercados internacionales\u201d.<\/p>\n\n\n\n<p>De su lado Gonz\u00e1lez Col\u00f3n dijo que a ambos pa\u00edses est\u00e1n unidos por muchas cosas, como la historia, gastronom\u00eda, m\u00fasica y calidez de su gente. \u201cTambi\u00e9n tenemos mucho que compartir, dar a conocer y celebrar\u201d.<\/p>\n\n\n\n<p>an\/am<\/p>\n","protected":false},"excerpt":{"rendered":"<p>MADRID, Espa\u00f1a, 24 de enero.\u2014 Rep\u00fablica Dominicana y Puerto Rico presentaron su primera campa\u00f1a multi-destino, un hito sin precedentes de colaboraci\u00f3n tur\u00edstica regional que marca el inicio de una nueva etapa para el posicionamiento del Caribe en los mercados internacionales. El lanzamiento se llev\u00f3 a cabo desde el stand dominicano en FITUR 2026, una de&#8230;<\/p>\n","protected":false},"author":1,"featured_media":14,"comment_status":"open","ping_status":"open","sticky":false,"template":"","format":"standard","meta":{"footnotes":""},"categories":[5],"tags":[],"class_list":["post-13","post","type-post","status-publish","format-standard","has-post-thumbnail","hentry","category-internacionales"],"yoast_head":"<!-- This site is optimized with the Yoast SEO plugin v27.4 - https:\/\/yoast.com\/product\/yoast-seo-wordpress\/ -->\n<title>Dominicana y P. Rico inician una campa\u00f1a de promoci\u00f3n conjunta - LODEHOYRD.COM<\/title>\n<meta name=\"robots\" content=\"index, follow, max-snippet:-1, max-image-preview:large, max-video-preview:-1\" \/>\n<link rel=\"canonical\" href=\"https:\/\/lodehoyrd.com\/?p=13\" \/>\n<meta property=\"og:locale\" content=\"es_ES\" \/>\n<meta property=\"og:type\" content=\"article\" \/>\n<meta property=\"og:title\" content=\"Dominicana y P. Rico inician una campa\u00f1a de promoci\u00f3n conjunta - LODEHOYRD.COM\" \/>\n<meta property=\"og:description\" content=\"MADRID, Espa\u00f1a, 24 de enero.\u2014 Rep\u00fablica Dominicana y Puerto Rico presentaron su primera campa\u00f1a multi-destino, un hito sin precedentes de colaboraci\u00f3n tur\u00edstica regional que marca el inicio de una nueva etapa para el posicionamiento del Caribe en los mercados internacionales. El lanzamiento se llev\u00f3 a cabo desde el stand dominicano en FITUR 2026, una de...\" \/>\n<meta property=\"og:url\" content=\"https:\/\/lodehoyrd.com\/?p=13\" \/>\n<meta property=\"og:site_name\" content=\"LODEHOYRD.COM\" \/>\n<meta property=\"article:publisher\" content=\"https:\/\/www.facebook.com\/lodeoyrd\/\" \/>\n<meta property=\"article:published_time\" content=\"2026-01-25T07:24:31+00:00\" \/>\n<meta property=\"og:image\" content=\"https:\/\/lodehoyrd.com\/wp-content\/uploads\/2026\/01\/WhatsApp-Image-2026-01-24-at-10.28.09-AM-scaled-1.jpeg\" \/>\n\t<meta property=\"og:image:width\" content=\"2560\" \/>\n\t<meta property=\"og:image:height\" content=\"1707\" \/>\n\t<meta property=\"og:image:type\" content=\"image\/jpeg\" \/>\n<meta name=\"author\" content=\"estebandelarosa2820@gmail.com\" \/>\n<meta name=\"twitter:card\" content=\"summary_large_image\" \/>\n<meta name=\"twitter:creator\" content=\"@PatriotasDom\" \/>\n<meta name=\"twitter:site\" content=\"@PatriotasDom\" \/>\n<meta name=\"twitter:label1\" content=\"Written by\" \/>\n\t<meta name=\"twitter:data1\" content=\"estebandelarosa2820@gmail.com\" \/>\n\t<meta name=\"twitter:label2\" content=\"Est. reading time\" \/>\n\t<meta name=\"twitter:data2\" content=\"2 minutos\" \/>\n<script type=\"application\/ld+json\" class=\"yoast-schema-graph\">{\"@context\":\"https:\\\/\\\/schema.org\",\"@graph\":[{\"@type\":\"Article\",\"@id\":\"https:\\\/\\\/lodehoyrd.com\\\/?p=13#article\",\"isPartOf\":{\"@id\":\"https:\\\/\\\/lodehoyrd.com\\\/?p=13\"},\"author\":{\"name\":\"estebandelarosa2820@gmail.com\",\"@id\":\"https:\\\/\\\/lodehoyrd.com\\\/#\\\/schema\\\/person\\\/080cec02e9cd72318c5b8c215402abd7\"},\"headline\":\"Dominicana y P. Rico inician una campa\u00f1a de promoci\u00f3n conjunta\",\"datePublished\":\"2026-01-25T07:24:31+00:00\",\"mainEntityOfPage\":{\"@id\":\"https:\\\/\\\/lodehoyrd.com\\\/?p=13\"},\"wordCount\":330,\"commentCount\":0,\"publisher\":{\"@id\":\"https:\\\/\\\/lodehoyrd.com\\\/#organization\"},\"image\":{\"@id\":\"https:\\\/\\\/lodehoyrd.com\\\/?p=13#primaryimage\"},\"thumbnailUrl\":\"https:\\\/\\\/lodehoyrd.com\\\/wp-content\\\/uploads\\\/2026\\\/01\\\/WhatsApp-Image-2026-01-24-at-10.28.09-AM-scaled-1.jpeg\",\"articleSection\":[\"INTERNACIONALES\"],\"inLanguage\":\"es-DO\",\"potentialAction\":[{\"@type\":\"CommentAction\",\"name\":\"Comment\",\"target\":[\"https:\\\/\\\/lodehoyrd.com\\\/?p=13#respond\"]}]},{\"@type\":\"WebPage\",\"@id\":\"https:\\\/\\\/lodehoyrd.com\\\/?p=13\",\"url\":\"https:\\\/\\\/lodehoyrd.com\\\/?p=13\",\"name\":\"Dominicana y P. Rico inician una campa\u00f1a de promoci\u00f3n conjunta - LODEHOYRD.COM\",\"isPartOf\":{\"@id\":\"https:\\\/\\\/lodehoyrd.com\\\/#website\"},\"primaryImageOfPage\":{\"@id\":\"https:\\\/\\\/lodehoyrd.com\\\/?p=13#primaryimage\"},\"image\":{\"@id\":\"https:\\\/\\\/lodehoyrd.com\\\/?p=13#primaryimage\"},\"thumbnailUrl\":\"https:\\\/\\\/lodehoyrd.com\\\/wp-content\\\/uploads\\\/2026\\\/01\\\/WhatsApp-Image-2026-01-24-at-10.28.09-AM-scaled-1.jpeg\",\"datePublished\":\"2026-01-25T07:24:31+00:00\",\"breadcrumb\":{\"@id\":\"https:\\\/\\\/lodehoyrd.com\\\/?p=13#breadcrumb\"},\"inLanguage\":\"es-DO\",\"potentialAction\":[{\"@type\":\"ReadAction\",\"target\":[\"https:\\\/\\\/lodehoyrd.com\\\/?p=13\"]}]},{\"@type\":\"ImageObject\",\"inLanguage\":\"es-DO\",\"@id\":\"https:\\\/\\\/lodehoyrd.com\\\/?p=13#primaryimage\",\"url\":\"https:\\\/\\\/lodehoyrd.com\\\/wp-content\\\/uploads\\\/2026\\\/01\\\/WhatsApp-Image-2026-01-24-at-10.28.09-AM-scaled-1.jpeg\",\"contentUrl\":\"https:\\\/\\\/lodehoyrd.com\\\/wp-content\\\/uploads\\\/2026\\\/01\\\/WhatsApp-Image-2026-01-24-at-10.28.09-AM-scaled-1.jpeg\",\"width\":2560,\"height\":1707},{\"@type\":\"BreadcrumbList\",\"@id\":\"https:\\\/\\\/lodehoyrd.com\\\/?p=13#breadcrumb\",\"itemListElement\":[{\"@type\":\"ListItem\",\"position\":1,\"name\":\"Home\",\"item\":\"https:\\\/\\\/lodehoyrd.com\\\/\"},{\"@type\":\"ListItem\",\"position\":2,\"name\":\"Dominicana y P. Rico inician una campa\u00f1a de promoci\u00f3n conjunta\"}]},{\"@type\":\"WebSite\",\"@id\":\"https:\\\/\\\/lodehoyrd.com\\\/#website\",\"url\":\"https:\\\/\\\/lodehoyrd.com\\\/\",\"name\":\"LODEHOYRD.COM\",\"description\":\"INFORMACION ACTUAL Y VERAZ \",\"publisher\":{\"@id\":\"https:\\\/\\\/lodehoyrd.com\\\/#organization\"},\"potentialAction\":[{\"@type\":\"SearchAction\",\"target\":{\"@type\":\"EntryPoint\",\"urlTemplate\":\"https:\\\/\\\/lodehoyrd.com\\\/?s={search_term_string}\"},\"query-input\":{\"@type\":\"PropertyValueSpecification\",\"valueRequired\":true,\"valueName\":\"search_term_string\"}}],\"inLanguage\":\"es-DO\"},{\"@type\":\"Organization\",\"@id\":\"https:\\\/\\\/lodehoyrd.com\\\/#organization\",\"name\":\"LODEHOYRD\",\"url\":\"https:\\\/\\\/lodehoyrd.com\\\/\",\"logo\":{\"@type\":\"ImageObject\",\"inLanguage\":\"es-DO\",\"@id\":\"https:\\\/\\\/lodehoyrd.com\\\/#\\\/schema\\\/logo\\\/image\\\/\",\"url\":\"https:\\\/\\\/lodehoyrd.com\\\/wp-content\\\/uploads\\\/2026\\\/01\\\/cropped-587839248_1764678434311177_7454960250106730443_n.jpg\",\"contentUrl\":\"https:\\\/\\\/lodehoyrd.com\\\/wp-content\\\/uploads\\\/2026\\\/01\\\/cropped-587839248_1764678434311177_7454960250106730443_n.jpg\",\"width\":512,\"height\":512,\"caption\":\"LODEHOYRD\"},\"image\":{\"@id\":\"https:\\\/\\\/lodehoyrd.com\\\/#\\\/schema\\\/logo\\\/image\\\/\"},\"sameAs\":[\"https:\\\/\\\/www.facebook.com\\\/lodeoyrd\\\/\",\"https:\\\/\\\/x.com\\\/PatriotasDom\",\"https:\\\/\\\/www.instagram.com\\\/lodehoyr\\\/\",\"https:\\\/\\\/www.tiktok.com\\\/@lodehoyrd\"]},{\"@type\":\"Person\",\"@id\":\"https:\\\/\\\/lodehoyrd.com\\\/#\\\/schema\\\/person\\\/080cec02e9cd72318c5b8c215402abd7\",\"name\":\"estebandelarosa2820@gmail.com\",\"image\":{\"@type\":\"ImageObject\",\"inLanguage\":\"es-DO\",\"@id\":\"https:\\\/\\\/secure.gravatar.com\\\/avatar\\\/cb4cce556556a7dd79eed4e5ff8c9cc5af640bad7cbcc06114b5f9300bb6f631?s=96&d=mm&r=g\",\"url\":\"https:\\\/\\\/secure.gravatar.com\\\/avatar\\\/cb4cce556556a7dd79eed4e5ff8c9cc5af640bad7cbcc06114b5f9300bb6f631?s=96&d=mm&r=g\",\"contentUrl\":\"https:\\\/\\\/secure.gravatar.com\\\/avatar\\\/cb4cce556556a7dd79eed4e5ff8c9cc5af640bad7cbcc06114b5f9300bb6f631?s=96&d=mm&r=g\",\"caption\":\"estebandelarosa2820@gmail.com\"},\"sameAs\":[\"https:\\\/\\\/lodehoyrd.com\"],\"url\":\"https:\\\/\\\/lodehoyrd.com\\\/?author=1\"}]}<\/script>\n<!-- \/ Yoast SEO plugin. -->","yoast_head_json":{"title":"Dominicana y P. Rico inician una campa\u00f1a de promoci\u00f3n conjunta - LODEHOYRD.COM","robots":{"index":"index","follow":"follow","max-snippet":"max-snippet:-1","max-image-preview":"max-image-preview:large","max-video-preview":"max-video-preview:-1"},"canonical":"https:\/\/lodehoyrd.com\/?p=13","og_locale":"es_ES","og_type":"article","og_title":"Dominicana y P. Rico inician una campa\u00f1a de promoci\u00f3n conjunta - LODEHOYRD.COM","og_description":"MADRID, Espa\u00f1a, 24 de enero.\u2014 Rep\u00fablica Dominicana y Puerto Rico presentaron su primera campa\u00f1a multi-destino, un hito sin precedentes de colaboraci\u00f3n tur\u00edstica regional que marca el inicio de una nueva etapa para el posicionamiento del Caribe en los mercados internacionales. El lanzamiento se llev\u00f3 a cabo desde el stand dominicano en FITUR 2026, una de...","og_url":"https:\/\/lodehoyrd.com\/?p=13","og_site_name":"LODEHOYRD.COM","article_publisher":"https:\/\/www.facebook.com\/lodeoyrd\/","article_published_time":"2026-01-25T07:24:31+00:00","og_image":[{"width":2560,"height":1707,"url":"https:\/\/lodehoyrd.com\/wp-content\/uploads\/2026\/01\/WhatsApp-Image-2026-01-24-at-10.28.09-AM-scaled-1.jpeg","type":"image\/jpeg"}],"author":"estebandelarosa2820@gmail.com","twitter_card":"summary_large_image","twitter_creator":"@PatriotasDom","twitter_site":"@PatriotasDom","twitter_misc":{"Written by":"estebandelarosa2820@gmail.com","Est. reading time":"2 minutos"},"schema":{"@context":"https:\/\/schema.org","@graph":[{"@type":"Article","@id":"https:\/\/lodehoyrd.com\/?p=13#article","isPartOf":{"@id":"https:\/\/lodehoyrd.com\/?p=13"},"author":{"name":"estebandelarosa2820@gmail.com","@id":"https:\/\/lodehoyrd.com\/#\/schema\/person\/080cec02e9cd72318c5b8c215402abd7"},"headline":"Dominicana y P. Rico inician una campa\u00f1a de promoci\u00f3n conjunta","datePublished":"2026-01-25T07:24:31+00:00","mainEntityOfPage":{"@id":"https:\/\/lodehoyrd.com\/?p=13"},"wordCount":330,"commentCount":0,"publisher":{"@id":"https:\/\/lodehoyrd.com\/#organization"},"image":{"@id":"https:\/\/lodehoyrd.com\/?p=13#primaryimage"},"thumbnailUrl":"https:\/\/lodehoyrd.com\/wp-content\/uploads\/2026\/01\/WhatsApp-Image-2026-01-24-at-10.28.09-AM-scaled-1.jpeg","articleSection":["INTERNACIONALES"],"inLanguage":"es-DO","potentialAction":[{"@type":"CommentAction","name":"Comment","target":["https:\/\/lodehoyrd.com\/?p=13#respond"]}]},{"@type":"WebPage","@id":"https:\/\/lodehoyrd.com\/?p=13","url":"https:\/\/lodehoyrd.com\/?p=13","name":"Dominicana y P. Rico inician una campa\u00f1a de promoci\u00f3n conjunta - LODEHOYRD.COM","isPartOf":{"@id":"https:\/\/lodehoyrd.com\/#website"},"primaryImageOfPage":{"@id":"https:\/\/lodehoyrd.com\/?p=13#primaryimage"},"image":{"@id":"https:\/\/lodehoyrd.com\/?p=13#primaryimage"},"thumbnailUrl":"https:\/\/lodehoyrd.com\/wp-content\/uploads\/2026\/01\/WhatsApp-Image-2026-01-24-at-10.28.09-AM-scaled-1.jpeg","datePublished":"2026-01-25T07:24:31+00:00","breadcrumb":{"@id":"https:\/\/lodehoyrd.com\/?p=13#breadcrumb"},"inLanguage":"es-DO","potentialAction":[{"@type":"ReadAction","target":["https:\/\/lodehoyrd.com\/?p=13"]}]},{"@type":"ImageObject","inLanguage":"es-DO","@id":"https:\/\/lodehoyrd.com\/?p=13#primaryimage","url":"https:\/\/lodehoyrd.com\/wp-content\/uploads\/2026\/01\/WhatsApp-Image-2026-01-24-at-10.28.09-AM-scaled-1.jpeg","contentUrl":"https:\/\/lodehoyrd.com\/wp-content\/uploads\/2026\/01\/WhatsApp-Image-2026-01-24-at-10.28.09-AM-scaled-1.jpeg","width":2560,"height":1707},{"@type":"BreadcrumbList","@id":"https:\/\/lodehoyrd.com\/?p=13#breadcrumb","itemListElement":[{"@type":"ListItem","position":1,"name":"Home","item":"https:\/\/lodehoyrd.com\/"},{"@type":"ListItem","position":2,"name":"Dominicana y P. Rico inician una campa\u00f1a de promoci\u00f3n conjunta"}]},{"@type":"WebSite","@id":"https:\/\/lodehoyrd.com\/#website","url":"https:\/\/lodehoyrd.com\/","name":"LODEHOYRD.COM","description":"INFORMACION ACTUAL Y VERAZ ","publisher":{"@id":"https:\/\/lodehoyrd.com\/#organization"},"potentialAction":[{"@type":"SearchAction","target":{"@type":"EntryPoint","urlTemplate":"https:\/\/lodehoyrd.com\/?s={search_term_string}"},"query-input":{"@type":"PropertyValueSpecification","valueRequired":true,"valueName":"search_term_string"}}],"inLanguage":"es-DO"},{"@type":"Organization","@id":"https:\/\/lodehoyrd.com\/#organization","name":"LODEHOYRD","url":"https:\/\/lodehoyrd.com\/","logo":{"@type":"ImageObject","inLanguage":"es-DO","@id":"https:\/\/lodehoyrd.com\/#\/schema\/logo\/image\/","url":"https:\/\/lodehoyrd.com\/wp-content\/uploads\/2026\/01\/cropped-587839248_1764678434311177_7454960250106730443_n.jpg","contentUrl":"https:\/\/lodehoyrd.com\/wp-content\/uploads\/2026\/01\/cropped-587839248_1764678434311177_7454960250106730443_n.jpg","width":512,"height":512,"caption":"LODEHOYRD"},"image":{"@id":"https:\/\/lodehoyrd.com\/#\/schema\/logo\/image\/"},"sameAs":["https:\/\/www.facebook.com\/lodeoyrd\/","https:\/\/x.com\/PatriotasDom","https:\/\/www.instagram.com\/lodehoyr\/","https:\/\/www.tiktok.com\/@lodehoyrd"]},{"@type":"Person","@id":"https:\/\/lodehoyrd.com\/#\/schema\/person\/080cec02e9cd72318c5b8c215402abd7","name":"estebandelarosa2820@gmail.com","image":{"@type":"ImageObject","inLanguage":"es-DO","@id":"https:\/\/secure.gravatar.com\/avatar\/cb4cce556556a7dd79eed4e5ff8c9cc5af640bad7cbcc06114b5f9300bb6f631?s=96&d=mm&r=g","url":"https:\/\/secure.gravatar.com\/avatar\/cb4cce556556a7dd79eed4e5ff8c9cc5af640bad7cbcc06114b5f9300bb6f631?s=96&d=mm&r=g","contentUrl":"https:\/\/secure.gravatar.com\/avatar\/cb4cce556556a7dd79eed4e5ff8c9cc5af640bad7cbcc06114b5f9300bb6f631?s=96&d=mm&r=g","caption":"estebandelarosa2820@gmail.com"},"sameAs":["https:\/\/lodehoyrd.com"],"url":"https:\/\/lodehoyrd.com\/?author=1"}]}},"_links":{"self":[{"href":"https:\/\/lodehoyrd.com\/index.php?rest_route=\/wp\/v2\/posts\/13","targetHints":{"allow":["GET"]}}],"collection":[{"href":"https:\/\/lodehoyrd.com\/index.php?rest_route=\/wp\/v2\/posts"}],"about":[{"href":"https:\/\/lodehoyrd.com\/index.php?rest_route=\/wp\/v2\/types\/post"}],"author":[{"embeddable":true,"href":"https:\/\/lodehoyrd.com\/index.php?rest_route=\/wp\/v2\/users\/1"}],"replies":[{"embeddable":true,"href":"https:\/\/lodehoyrd.com\/index.php?rest_route=%2Fwp%2Fv2%2Fcomments&post=13"}],"version-history":[{"count":1,"href":"https:\/\/lodehoyrd.com\/index.php?rest_route=\/wp\/v2\/posts\/13\/revisions"}],"predecessor-version":[{"id":15,"href":"https:\/\/lodehoyrd.com\/index.php?rest_route=\/wp\/v2\/posts\/13\/revisions\/15"}],"wp:featuredmedia":[{"embeddable":true,"href":"https:\/\/lodehoyrd.com\/index.php?rest_route=\/wp\/v2\/media\/14"}],"wp:attachment":[{"href":"https:\/\/lodehoyrd.com\/index.php?rest_route=%2Fwp%2Fv2%2Fmedia&parent=13"}],"wp:term":[{"taxonomy":"category","embeddable":true,"href":"https:\/\/lodehoyrd.com\/index.php?rest_route=%2Fwp%2Fv2%2Fcategories&post=13"},{"taxonomy":"post_tag","embeddable":true,"href":"https:\/\/lodehoyrd.com\/index.php?rest_route=%2Fwp%2Fv2%2Ftags&post=13"}],"curies":[{"name":"wp","href":"https:\/\/api.w.org\/{rel}","templated":true}]}}