{"id":115,"date":"2026-01-29T05:40:49","date_gmt":"2026-01-29T09:40:49","guid":{"rendered":"https:\/\/lodehoyrd.com\/?p=115"},"modified":"2026-01-29T05:40:49","modified_gmt":"2026-01-29T09:40:49","slug":"pld-insolito-gobierno-decida-autorizar-importacion-de-pollo","status":"publish","type":"post","link":"https:\/\/lodehoyrd.com\/?p=115","title":{"rendered":"PLD: \u00abIns\u00f3lito Gobierno decida autorizar importaci\u00f3n de pollo\u00bb"},"content":{"rendered":"\n<p>Santo Domingo, 28 ene (EFE).- El Partido de la Liberaci\u00f3n Dominicana (PLD) calific\u00f3 este mi\u00e9rcoles de \u00abins\u00f3lita\u00bb la decisi\u00f3n del Gobierno de autorizar la importaci\u00f3n de pollo para enfrentar la escasez y el alto precio del producto, cuando esa situaci\u00f3n pudo evitarse con una \u00abadecuada\u00bb planificaci\u00f3n de la producci\u00f3n nacional.<\/p>\n\n\n\n<p>El exsenador y secretario agropecuario del PLD, Adriano S\u00e1nchez Roa,&nbsp;afirm\u00f3 en una nota que la crisis es consecuencia directa de la incapacidad, improvisaci\u00f3n y falta de previsi\u00f3n de las actuales autoridades agropecuarias.<\/p>\n\n\n\n<p><strong>POLITICAS ERRADAS REDUCEN NUMERO DE CRIADORES<\/strong><\/p>\n\n\n\n<p>Se\u00f1al\u00f3 que las pol\u00edticas erradas han provocado la reducci\u00f3n del n\u00famero de criadores, especialmente de aquellos que abastecen a los sectores de menores ingresos, lo que ha agravado la escasez y el aumento de precios.<\/p>\n\n\n\n<p>\u00abDesde octubre advertimos que era imprescindible programar la producci\u00f3n mensual para asegurar el abastecimiento y estabilizar los precios. El Gobierno ignor\u00f3 esas advertencias y ahora recurre a la importaci\u00f3n\u00bb, a\u00f1adi\u00f3.<\/p>\n\n\n\n<p><strong>POLLOS DE DICIEMBRE NO CORRESPONDEN A PRODUCCION ACTUAL<\/strong><\/p>\n\n\n\n<p>S\u00e1nchez Roa rechaz\u00f3 el argumento de un supuesto desfase estacional, al explicar que los pollos consumidos en diciembre no corresponden a la producci\u00f3n de enero, por lo que atribuir la crisis a factores coyunturales carece de sustento t\u00e9cnico.<\/p>\n\n\n\n<p>Advirti\u00f3 que recurrir a la importaci\u00f3n de pollo evidencia una pol\u00edtica que favorece importaciones lesivas, perjudica a los productores nacionales, debilita la econom\u00eda rural y golpea el bolsillo de los consumidores, que terminan pagando m\u00e1s por un alimento b\u00e1sico de la canasta familiar.<\/p>\n","protected":false},"excerpt":{"rendered":"<p>Santo Domingo, 28 ene (EFE).- El Partido de la Liberaci\u00f3n Dominicana (PLD) calific\u00f3 este mi\u00e9rcoles de \u00abins\u00f3lita\u00bb la decisi\u00f3n del Gobierno de autorizar la importaci\u00f3n de pollo para enfrentar la escasez y el alto precio del producto, cuando esa situaci\u00f3n pudo evitarse con una \u00abadecuada\u00bb planificaci\u00f3n de la producci\u00f3n nacional. El exsenador y secretario agropecuario&#8230;<\/p>\n","protected":false},"author":1,"featured_media":116,"comment_status":"open","ping_status":"open","sticky":false,"template":"","format":"standard","meta":{"footnotes":""},"categories":[3],"tags":[],"class_list":["post-115","post","type-post","status-publish","format-standard","has-post-thumbnail","hentry","category-nacionales"],"yoast_head":"<!-- This site is optimized with the Yoast SEO plugin v27.4 - https:\/\/yoast.com\/product\/yoast-seo-wordpress\/ -->\n<title>PLD: \u00abIns\u00f3lito Gobierno decida autorizar importaci\u00f3n de pollo\u00bb - LODEHOYRD.COM<\/title>\n<meta name=\"robots\" content=\"index, follow, max-snippet:-1, max-image-preview:large, max-video-preview:-1\" \/>\n<link rel=\"canonical\" href=\"https:\/\/lodehoyrd.com\/?p=115\" \/>\n<meta property=\"og:locale\" content=\"es_ES\" \/>\n<meta property=\"og:type\" content=\"article\" \/>\n<meta property=\"og:title\" content=\"PLD: \u00abIns\u00f3lito Gobierno decida autorizar importaci\u00f3n de pollo\u00bb - LODEHOYRD.COM\" \/>\n<meta property=\"og:description\" content=\"Santo Domingo, 28 ene (EFE).- El Partido de la Liberaci\u00f3n Dominicana (PLD) calific\u00f3 este mi\u00e9rcoles de \u00abins\u00f3lita\u00bb la decisi\u00f3n del Gobierno de autorizar la importaci\u00f3n de pollo para enfrentar la escasez y el alto precio del producto, cuando esa situaci\u00f3n pudo evitarse con una \u00abadecuada\u00bb planificaci\u00f3n de la producci\u00f3n nacional. El exsenador y secretario agropecuario...\" \/>\n<meta property=\"og:url\" content=\"https:\/\/lodehoyrd.com\/?p=115\" \/>\n<meta property=\"og:site_name\" content=\"LODEHOYRD.COM\" \/>\n<meta property=\"article:publisher\" content=\"https:\/\/www.facebook.com\/lodeoyrd\/\" \/>\n<meta property=\"article:published_time\" content=\"2026-01-29T09:40:49+00:00\" \/>\n<meta property=\"og:image\" content=\"https:\/\/lodehoyrd.com\/wp-content\/uploads\/2026\/01\/OIP.webp\" \/>\n\t<meta property=\"og:image:width\" content=\"474\" \/>\n\t<meta property=\"og:image:height\" content=\"266\" \/>\n\t<meta property=\"og:image:type\" content=\"image\/webp\" \/>\n<meta name=\"author\" content=\"estebandelarosa2820@gmail.com\" \/>\n<meta name=\"twitter:card\" content=\"summary_large_image\" \/>\n<meta name=\"twitter:creator\" content=\"@PatriotasDom\" \/>\n<meta name=\"twitter:site\" content=\"@PatriotasDom\" \/>\n<meta name=\"twitter:label1\" content=\"Written by\" \/>\n\t<meta name=\"twitter:data1\" content=\"estebandelarosa2820@gmail.com\" \/>\n\t<meta name=\"twitter:label2\" content=\"Est. reading time\" \/>\n\t<meta name=\"twitter:data2\" content=\"1 minuto\" \/>\n<!-- \/ Yoast SEO plugin. -->","yoast_head_json":{"title":"PLD: \u00abIns\u00f3lito Gobierno decida autorizar importaci\u00f3n de pollo\u00bb - LODEHOYRD.COM","robots":{"index":"index","follow":"follow","max-snippet":"max-snippet:-1","max-image-preview":"max-image-preview:large","max-video-preview":"max-video-preview:-1"},"canonical":"https:\/\/lodehoyrd.com\/?p=115","og_locale":"es_ES","og_type":"article","og_title":"PLD: \u00abIns\u00f3lito Gobierno decida autorizar importaci\u00f3n de pollo\u00bb - LODEHOYRD.COM","og_description":"Santo Domingo, 28 ene (EFE).- El Partido de la Liberaci\u00f3n Dominicana (PLD) calific\u00f3 este mi\u00e9rcoles de \u00abins\u00f3lita\u00bb la decisi\u00f3n del Gobierno de autorizar la importaci\u00f3n de pollo para enfrentar la escasez y el alto precio del producto, cuando esa situaci\u00f3n pudo evitarse con una \u00abadecuada\u00bb planificaci\u00f3n de la producci\u00f3n nacional. El exsenador y secretario agropecuario...","og_url":"https:\/\/lodehoyrd.com\/?p=115","og_site_name":"LODEHOYRD.COM","article_publisher":"https:\/\/www.facebook.com\/lodeoyrd\/","article_published_time":"2026-01-29T09:40:49+00:00","og_image":[{"width":474,"height":266,"url":"https:\/\/lodehoyrd.com\/wp-content\/uploads\/2026\/01\/OIP.webp","type":"image\/webp"}],"author":"estebandelarosa2820@gmail.com","twitter_card":"summary_large_image","twitter_creator":"@PatriotasDom","twitter_site":"@PatriotasDom","twitter_misc":{"Written by":"estebandelarosa2820@gmail.com","Est. reading time":"1 minuto"},"schema":{"@context":"https:\/\/schema.org","@graph":[{"@type":"Article","@id":"https:\/\/lodehoyrd.com\/?p=115#article","isPartOf":{"@id":"https:\/\/lodehoyrd.com\/?p=115"},"author":{"name":"estebandelarosa2820@gmail.com","@id":"https:\/\/lodehoyrd.com\/#\/schema\/person\/080cec02e9cd72318c5b8c215402abd7"},"headline":"PLD: \u00abIns\u00f3lito Gobierno decida autorizar importaci\u00f3n de pollo\u00bb","datePublished":"2026-01-29T09:40:49+00:00","mainEntityOfPage":{"@id":"https:\/\/lodehoyrd.com\/?p=115"},"wordCount":280,"commentCount":0,"publisher":{"@id":"https:\/\/lodehoyrd.com\/#organization"},"image":{"@id":"https:\/\/lodehoyrd.com\/?p=115#primaryimage"},"thumbnailUrl":"https:\/\/lodehoyrd.com\/wp-content\/uploads\/2026\/01\/OIP.webp","articleSection":["NACIONALES"],"inLanguage":"es-DO","potentialAction":[{"@type":"CommentAction","name":"Comment","target":["https:\/\/lodehoyrd.com\/?p=115#respond"]}]},{"@type":"WebPage","@id":"https:\/\/lodehoyrd.com\/?p=115","url":"https:\/\/lodehoyrd.com\/?p=115","name":"PLD: \u00abIns\u00f3lito Gobierno decida autorizar importaci\u00f3n de pollo\u00bb - LODEHOYRD.COM","isPartOf":{"@id":"https:\/\/lodehoyrd.com\/#website"},"primaryImageOfPage":{"@id":"https:\/\/lodehoyrd.com\/?p=115#primaryimage"},"image":{"@id":"https:\/\/lodehoyrd.com\/?p=115#primaryimage"},"thumbnailUrl":"https:\/\/lodehoyrd.com\/wp-content\/uploads\/2026\/01\/OIP.webp","datePublished":"2026-01-29T09:40:49+00:00","breadcrumb":{"@id":"https:\/\/lodehoyrd.com\/?p=115#breadcrumb"},"inLanguage":"es-DO","potentialAction":[{"@type":"ReadAction","target":["https:\/\/lodehoyrd.com\/?p=115"]}]},{"@type":"ImageObject","inLanguage":"es-DO","@id":"https:\/\/lodehoyrd.com\/?p=115#primaryimage","url":"https:\/\/lodehoyrd.com\/wp-content\/uploads\/2026\/01\/OIP.webp","contentUrl":"https:\/\/lodehoyrd.com\/wp-content\/uploads\/2026\/01\/OIP.webp","width":474,"height":266},{"@type":"BreadcrumbList","@id":"https:\/\/lodehoyrd.com\/?p=115#breadcrumb","itemListElement":[{"@type":"ListItem","position":1,"name":"Home","item":"https:\/\/lodehoyrd.com\/"},{"@type":"ListItem","position":2,"name":"PLD: \u00abIns\u00f3lito Gobierno decida autorizar importaci\u00f3n de pollo\u00bb"}]},{"@type":"WebSite","@id":"https:\/\/lodehoyrd.com\/#website","url":"https:\/\/lodehoyrd.com\/","name":"LODEHOYRD.COM","description":"INFORMACION ACTUAL Y VERAZ ","publisher":{"@id":"https:\/\/lodehoyrd.com\/#organization"},"potentialAction":[{"@type":"SearchAction","target":{"@type":"EntryPoint","urlTemplate":"https:\/\/lodehoyrd.com\/?s={search_term_string}"},"query-input":{"@type":"PropertyValueSpecification","valueRequired":true,"valueName":"search_term_string"}}],"inLanguage":"es-DO"},{"@type":"Organization","@id":"https:\/\/lodehoyrd.com\/#organization","name":"LODEHOYRD","url":"https:\/\/lodehoyrd.com\/","logo":{"@type":"ImageObject","inLanguage":"es-DO","@id":"https:\/\/lodehoyrd.com\/#\/schema\/logo\/image\/","url":"https:\/\/lodehoyrd.com\/wp-content\/uploads\/2026\/01\/cropped-587839248_1764678434311177_7454960250106730443_n.jpg","contentUrl":"https:\/\/lodehoyrd.com\/wp-content\/uploads\/2026\/01\/cropped-587839248_1764678434311177_7454960250106730443_n.jpg","width":512,"height":512,"caption":"LODEHOYRD"},"image":{"@id":"https:\/\/lodehoyrd.com\/#\/schema\/logo\/image\/"},"sameAs":["https:\/\/www.facebook.com\/lodeoyrd\/","https:\/\/x.com\/PatriotasDom","https:\/\/www.instagram.com\/lodehoyr\/","https:\/\/www.tiktok.com\/@lodehoyrd"]},{"@type":"Person","@id":"https:\/\/lodehoyrd.com\/#\/schema\/person\/080cec02e9cd72318c5b8c215402abd7","name":"estebandelarosa2820@gmail.com","image":{"@type":"ImageObject","inLanguage":"es-DO","@id":"https:\/\/secure.gravatar.com\/avatar\/cb4cce556556a7dd79eed4e5ff8c9cc5af640bad7cbcc06114b5f9300bb6f631?s=96&d=mm&r=g","url":"https:\/\/secure.gravatar.com\/avatar\/cb4cce556556a7dd79eed4e5ff8c9cc5af640bad7cbcc06114b5f9300bb6f631?s=96&d=mm&r=g","contentUrl":"https:\/\/secure.gravatar.com\/avatar\/cb4cce556556a7dd79eed4e5ff8c9cc5af640bad7cbcc06114b5f9300bb6f631?s=96&d=mm&r=g","caption":"estebandelarosa2820@gmail.com"},"sameAs":["https:\/\/lodehoyrd.com"],"url":"https:\/\/lodehoyrd.com\/?author=1"}]}},"_links":{"self":[{"href":"https:\/\/lodehoyrd.com\/index.php?rest_route=\/wp\/v2\/posts\/115","targetHints":{"allow":["GET"]}}],"collection":[{"href":"https:\/\/lodehoyrd.com\/index.php?rest_route=\/wp\/v2\/posts"}],"about":[{"href":"https:\/\/lodehoyrd.com\/index.php?rest_route=\/wp\/v2\/types\/post"}],"author":[{"embeddable":true,"href":"https:\/\/lodehoyrd.com\/index.php?rest_route=\/wp\/v2\/users\/1"}],"replies":[{"embeddable":true,"href":"https:\/\/lodehoyrd.com\/index.php?rest_route=%2Fwp%2Fv2%2Fcomments&post=115"}],"version-history":[{"count":1,"href":"https:\/\/lodehoyrd.com\/index.php?rest_route=\/wp\/v2\/posts\/115\/revisions"}],"predecessor-version":[{"id":117,"href":"https:\/\/lodehoyrd.com\/index.php?rest_route=\/wp\/v2\/posts\/115\/revisions\/117"}],"wp:featuredmedia":[{"embeddable":true,"href":"https:\/\/lodehoyrd.com\/index.php?rest_route=\/wp\/v2\/media\/116"}],"wp:attachment":[{"href":"https:\/\/lodehoyrd.com\/index.php?rest_route=%2Fwp%2Fv2%2Fmedia&parent=115"}],"wp:term":[{"taxonomy":"category","embeddable":true,"href":"https:\/\/lodehoyrd.com\/index.php?rest_route=%2Fwp%2Fv2%2Fcategories&post=115"},{"taxonomy":"post_tag","embeddable":true,"href":"https:\/\/lodehoyrd.com\/index.php?rest_route=%2Fwp%2Fv2%2Ftags&post=115"}],"curies":[{"name":"wp","href":"https:\/\/api.w.org\/{rel}","templated":true}]}}