{"id":109,"date":"2026-01-28T21:52:39","date_gmt":"2026-01-29T01:52:39","guid":{"rendered":"https:\/\/lodehoyrd.com\/?p=109"},"modified":"2026-01-28T21:54:20","modified_gmt":"2026-01-29T01:54:20","slug":"comunicador-rafael-linares-acusa-a-gonzalo-castillo-prm-y-fp-de-orquestar-ataques-contra-jose-ramon-peralta","status":"publish","type":"post","link":"https:\/\/lodehoyrd.com\/?p=109","title":{"rendered":"Comunicador Rafael Linares acusa a Gonzalo Castillo, PRM y FP de orquestar ataques contra Jos\u00e9 Ram\u00f3n Peralta"},"content":{"rendered":"\n<p>Santo Domingo.\u2013 El comentarista y productor del programa televisivo Despertar Pol\u00edtico, Rafael Linares Guerrero, afirm\u00f3 que el excandidato presidencial del Partido de la Liberaci\u00f3n Dominicana (PLD), Gonzalo Castillo, se habr\u00eda confabulado con el Partido Revolucionario Moderno (PRM) y con la Fuerza del Pueblo para impulsar las acusaciones judiciales contra el exministro de la Presidencia, Jos\u00e9 Ram\u00f3n Peralta.<\/p>\n\n\n\n<p>Durante su intervenci\u00f3n en el espacio, Linares sostuvo que Castillo, a pesar de pertenecer al mismo partido pol\u00edtico que Peralta, no ha hecho absolutamente nada en su favor, y lo acus\u00f3 de carecer hist\u00f3ricamente de solidaridad con sus compa\u00f1eros, en el denominado caso Calamar.<\/p>\n\n\n\n<p>\u201cGonzalo nunca fue solidario con nadie. Ahora est\u00e1 gritando que es un preso pol\u00edtico, pero cuando se trata de Jos\u00e9 Ram\u00f3n Peralta se queda callado y cruzado de brazos\u201d, expres\u00f3 el comunicador.<\/p>\n\n\n\n<p>Agreg\u00f3 que el excandidato presidencial se presenta hoy como v\u00edctima de persecuci\u00f3n pol\u00edtica, pero record\u00f3 que el propio Gonzalo Castillo tambi\u00e9n est\u00e1 sometido a la justicia por presuntos actos de corrupci\u00f3n cometidos cuando se desempe\u00f1\u00f3 como ministro de Obras P\u00fablicas durante el gobierno de Danilo Medina.<\/p>\n\n\n\n<p>A juicio del analista, existe una doble moral en el discurso del dirigente pelede\u00edsta, quien, seg\u00fan dijo, ha optado por alinearse con sectores del PRM y la Fuerza del Pueblo para atacar a figuras del pasado gobierno, mientras evita asumir una postura clara en defensa de Peralta.<\/p>\n\n\n\n<p>Las declaraciones de Rafael Linares Guerrero se produjeron en el marco del debate pol\u00edtico y judicial que rodea los procesos abiertos contra exfuncionarios del per\u00edodo 2012\u20132020, los cuales siguen generando intensas reacciones en la opini\u00f3n p\u00fablica.<\/p>\n\n\n\n<p>Recientemente, el exministro Administrativo de la Presidencia, Jos\u00e9 Ram\u00f3n Peralta, dijo que \u201choy se conocer\u00e1 la verdad en torno a las imputaciones que hace el Ministerio P\u00fablico\u201d. Que espera se haga justicia. Esto al referirse a la defensa que presenta junto a sus abogados en la audiencia preliminar del caso Calamar.<\/p>\n\n\n\n<p>Peralta, imputado por presuntos actos de corrupci\u00f3n administrativa, expres\u00f3 que esperaba desde hace tiempo el inicio formal de su defensa ante los tribunales. \u201cDarle gracias a Dios que ha llegado este momento tan esperado. Por fin se conocer\u00e1 la verdad y yo espero que se haga justicia\u201d, manifest\u00f3.<\/p>\n","protected":false},"excerpt":{"rendered":"<p>Santo Domingo.\u2013 El comentarista y productor del programa televisivo Despertar Pol\u00edtico, Rafael Linares Guerrero, afirm\u00f3 que el excandidato presidencial del Partido de la Liberaci\u00f3n Dominicana (PLD), Gonzalo Castillo, se habr\u00eda confabulado con el Partido Revolucionario Moderno (PRM) y con la Fuerza del Pueblo para impulsar las acusaciones judiciales contra el exministro de la Presidencia, Jos\u00e9&#8230;<\/p>\n","protected":false},"author":1,"featured_media":110,"comment_status":"open","ping_status":"open","sticky":false,"template":"","format":"standard","meta":{"footnotes":""},"categories":[4],"tags":[],"class_list":["post-109","post","type-post","status-publish","format-standard","has-post-thumbnail","hentry","category-politica"],"yoast_head":"<!-- This site is optimized with the Yoast SEO plugin v27.4 - https:\/\/yoast.com\/product\/yoast-seo-wordpress\/ -->\n<title>Comunicador Rafael Linares acusa a Gonzalo Castillo, PRM y FP de orquestar ataques contra Jos\u00e9 Ram\u00f3n Peralta - LODEHOYRD.COM<\/title>\n<meta name=\"robots\" content=\"index, follow, max-snippet:-1, max-image-preview:large, max-video-preview:-1\" \/>\n<link rel=\"canonical\" href=\"https:\/\/lodehoyrd.com\/?p=109\" \/>\n<meta property=\"og:locale\" content=\"es_ES\" \/>\n<meta property=\"og:type\" content=\"article\" \/>\n<meta property=\"og:title\" content=\"Comunicador Rafael Linares acusa a Gonzalo Castillo, PRM y FP de orquestar ataques contra Jos\u00e9 Ram\u00f3n Peralta - LODEHOYRD.COM\" \/>\n<meta property=\"og:description\" content=\"Santo Domingo.\u2013 El comentarista y productor del programa televisivo Despertar Pol\u00edtico, Rafael Linares Guerrero, afirm\u00f3 que el excandidato presidencial del Partido de la Liberaci\u00f3n Dominicana (PLD), Gonzalo Castillo, se habr\u00eda confabulado con el Partido Revolucionario Moderno (PRM) y con la Fuerza del Pueblo para impulsar las acusaciones judiciales contra el exministro de la Presidencia, Jos\u00e9...\" \/>\n<meta property=\"og:url\" content=\"https:\/\/lodehoyrd.com\/?p=109\" \/>\n<meta property=\"og:site_name\" content=\"LODEHOYRD.COM\" \/>\n<meta property=\"article:publisher\" content=\"https:\/\/www.facebook.com\/lodeoyrd\/\" \/>\n<meta property=\"article:published_time\" content=\"2026-01-29T01:52:39+00:00\" \/>\n<meta property=\"article:modified_time\" content=\"2026-01-29T01:54:20+00:00\" \/>\n<meta property=\"og:image\" content=\"https:\/\/lodehoyrd.com\/wp-content\/uploads\/2026\/01\/WhatsApp-Image-2026-01-28-at-9.49.05-PM-1.jpeg\" \/>\n\t<meta property=\"og:image:width\" content=\"1155\" \/>\n\t<meta property=\"og:image:height\" content=\"768\" \/>\n\t<meta property=\"og:image:type\" content=\"image\/jpeg\" \/>\n<meta name=\"author\" content=\"estebandelarosa2820@gmail.com\" \/>\n<meta name=\"twitter:card\" content=\"summary_large_image\" \/>\n<meta name=\"twitter:creator\" content=\"@PatriotasDom\" \/>\n<meta name=\"twitter:site\" content=\"@PatriotasDom\" \/>\n<meta name=\"twitter:label1\" content=\"Written by\" \/>\n\t<meta name=\"twitter:data1\" content=\"estebandelarosa2820@gmail.com\" \/>\n\t<meta name=\"twitter:label2\" content=\"Est. reading time\" \/>\n\t<meta name=\"twitter:data2\" content=\"2 minutos\" \/>\n<script type=\"application\/ld+json\" class=\"yoast-schema-graph\">{\"@context\":\"https:\\\/\\\/schema.org\",\"@graph\":[{\"@type\":\"Article\",\"@id\":\"https:\\\/\\\/lodehoyrd.com\\\/?p=109#article\",\"isPartOf\":{\"@id\":\"https:\\\/\\\/lodehoyrd.com\\\/?p=109\"},\"author\":{\"name\":\"estebandelarosa2820@gmail.com\",\"@id\":\"https:\\\/\\\/lodehoyrd.com\\\/#\\\/schema\\\/person\\\/080cec02e9cd72318c5b8c215402abd7\"},\"headline\":\"Comunicador Rafael Linares acusa a Gonzalo Castillo, PRM y FP de orquestar ataques contra Jos\u00e9 Ram\u00f3n Peralta\",\"datePublished\":\"2026-01-29T01:52:39+00:00\",\"dateModified\":\"2026-01-29T01:54:20+00:00\",\"mainEntityOfPage\":{\"@id\":\"https:\\\/\\\/lodehoyrd.com\\\/?p=109\"},\"wordCount\":403,\"commentCount\":0,\"publisher\":{\"@id\":\"https:\\\/\\\/lodehoyrd.com\\\/#organization\"},\"image\":{\"@id\":\"https:\\\/\\\/lodehoyrd.com\\\/?p=109#primaryimage\"},\"thumbnailUrl\":\"https:\\\/\\\/lodehoyrd.com\\\/wp-content\\\/uploads\\\/2026\\\/01\\\/WhatsApp-Image-2026-01-28-at-9.49.05-PM-1.jpeg\",\"articleSection\":[\"POLITICA\"],\"inLanguage\":\"es-DO\",\"potentialAction\":[{\"@type\":\"CommentAction\",\"name\":\"Comment\",\"target\":[\"https:\\\/\\\/lodehoyrd.com\\\/?p=109#respond\"]}]},{\"@type\":\"WebPage\",\"@id\":\"https:\\\/\\\/lodehoyrd.com\\\/?p=109\",\"url\":\"https:\\\/\\\/lodehoyrd.com\\\/?p=109\",\"name\":\"Comunicador Rafael Linares acusa a Gonzalo Castillo, PRM y FP de orquestar ataques contra Jos\u00e9 Ram\u00f3n Peralta - LODEHOYRD.COM\",\"isPartOf\":{\"@id\":\"https:\\\/\\\/lodehoyrd.com\\\/#website\"},\"primaryImageOfPage\":{\"@id\":\"https:\\\/\\\/lodehoyrd.com\\\/?p=109#primaryimage\"},\"image\":{\"@id\":\"https:\\\/\\\/lodehoyrd.com\\\/?p=109#primaryimage\"},\"thumbnailUrl\":\"https:\\\/\\\/lodehoyrd.com\\\/wp-content\\\/uploads\\\/2026\\\/01\\\/WhatsApp-Image-2026-01-28-at-9.49.05-PM-1.jpeg\",\"datePublished\":\"2026-01-29T01:52:39+00:00\",\"dateModified\":\"2026-01-29T01:54:20+00:00\",\"breadcrumb\":{\"@id\":\"https:\\\/\\\/lodehoyrd.com\\\/?p=109#breadcrumb\"},\"inLanguage\":\"es-DO\",\"potentialAction\":[{\"@type\":\"ReadAction\",\"target\":[\"https:\\\/\\\/lodehoyrd.com\\\/?p=109\"]}]},{\"@type\":\"ImageObject\",\"inLanguage\":\"es-DO\",\"@id\":\"https:\\\/\\\/lodehoyrd.com\\\/?p=109#primaryimage\",\"url\":\"https:\\\/\\\/lodehoyrd.com\\\/wp-content\\\/uploads\\\/2026\\\/01\\\/WhatsApp-Image-2026-01-28-at-9.49.05-PM-1.jpeg\",\"contentUrl\":\"https:\\\/\\\/lodehoyrd.com\\\/wp-content\\\/uploads\\\/2026\\\/01\\\/WhatsApp-Image-2026-01-28-at-9.49.05-PM-1.jpeg\",\"width\":1155,\"height\":768},{\"@type\":\"BreadcrumbList\",\"@id\":\"https:\\\/\\\/lodehoyrd.com\\\/?p=109#breadcrumb\",\"itemListElement\":[{\"@type\":\"ListItem\",\"position\":1,\"name\":\"Home\",\"item\":\"https:\\\/\\\/lodehoyrd.com\\\/\"},{\"@type\":\"ListItem\",\"position\":2,\"name\":\"Comunicador Rafael Linares acusa a Gonzalo Castillo, PRM y FP de orquestar ataques contra Jos\u00e9 Ram\u00f3n Peralta\"}]},{\"@type\":\"WebSite\",\"@id\":\"https:\\\/\\\/lodehoyrd.com\\\/#website\",\"url\":\"https:\\\/\\\/lodehoyrd.com\\\/\",\"name\":\"LODEHOYRD.COM\",\"description\":\"INFORMACION ACTUAL Y VERAZ \",\"publisher\":{\"@id\":\"https:\\\/\\\/lodehoyrd.com\\\/#organization\"},\"potentialAction\":[{\"@type\":\"SearchAction\",\"target\":{\"@type\":\"EntryPoint\",\"urlTemplate\":\"https:\\\/\\\/lodehoyrd.com\\\/?s={search_term_string}\"},\"query-input\":{\"@type\":\"PropertyValueSpecification\",\"valueRequired\":true,\"valueName\":\"search_term_string\"}}],\"inLanguage\":\"es-DO\"},{\"@type\":\"Organization\",\"@id\":\"https:\\\/\\\/lodehoyrd.com\\\/#organization\",\"name\":\"LODEHOYRD\",\"url\":\"https:\\\/\\\/lodehoyrd.com\\\/\",\"logo\":{\"@type\":\"ImageObject\",\"inLanguage\":\"es-DO\",\"@id\":\"https:\\\/\\\/lodehoyrd.com\\\/#\\\/schema\\\/logo\\\/image\\\/\",\"url\":\"https:\\\/\\\/lodehoyrd.com\\\/wp-content\\\/uploads\\\/2026\\\/01\\\/cropped-587839248_1764678434311177_7454960250106730443_n.jpg\",\"contentUrl\":\"https:\\\/\\\/lodehoyrd.com\\\/wp-content\\\/uploads\\\/2026\\\/01\\\/cropped-587839248_1764678434311177_7454960250106730443_n.jpg\",\"width\":512,\"height\":512,\"caption\":\"LODEHOYRD\"},\"image\":{\"@id\":\"https:\\\/\\\/lodehoyrd.com\\\/#\\\/schema\\\/logo\\\/image\\\/\"},\"sameAs\":[\"https:\\\/\\\/www.facebook.com\\\/lodeoyrd\\\/\",\"https:\\\/\\\/x.com\\\/PatriotasDom\",\"https:\\\/\\\/www.instagram.com\\\/lodehoyr\\\/\",\"https:\\\/\\\/www.tiktok.com\\\/@lodehoyrd\"]},{\"@type\":\"Person\",\"@id\":\"https:\\\/\\\/lodehoyrd.com\\\/#\\\/schema\\\/person\\\/080cec02e9cd72318c5b8c215402abd7\",\"name\":\"estebandelarosa2820@gmail.com\",\"image\":{\"@type\":\"ImageObject\",\"inLanguage\":\"es-DO\",\"@id\":\"https:\\\/\\\/secure.gravatar.com\\\/avatar\\\/cb4cce556556a7dd79eed4e5ff8c9cc5af640bad7cbcc06114b5f9300bb6f631?s=96&d=mm&r=g\",\"url\":\"https:\\\/\\\/secure.gravatar.com\\\/avatar\\\/cb4cce556556a7dd79eed4e5ff8c9cc5af640bad7cbcc06114b5f9300bb6f631?s=96&d=mm&r=g\",\"contentUrl\":\"https:\\\/\\\/secure.gravatar.com\\\/avatar\\\/cb4cce556556a7dd79eed4e5ff8c9cc5af640bad7cbcc06114b5f9300bb6f631?s=96&d=mm&r=g\",\"caption\":\"estebandelarosa2820@gmail.com\"},\"sameAs\":[\"https:\\\/\\\/lodehoyrd.com\"],\"url\":\"https:\\\/\\\/lodehoyrd.com\\\/?author=1\"}]}<\/script>\n<!-- \/ Yoast SEO plugin. -->","yoast_head_json":{"title":"Comunicador Rafael Linares acusa a Gonzalo Castillo, PRM y FP de orquestar ataques contra Jos\u00e9 Ram\u00f3n Peralta - LODEHOYRD.COM","robots":{"index":"index","follow":"follow","max-snippet":"max-snippet:-1","max-image-preview":"max-image-preview:large","max-video-preview":"max-video-preview:-1"},"canonical":"https:\/\/lodehoyrd.com\/?p=109","og_locale":"es_ES","og_type":"article","og_title":"Comunicador Rafael Linares acusa a Gonzalo Castillo, PRM y FP de orquestar ataques contra Jos\u00e9 Ram\u00f3n Peralta - LODEHOYRD.COM","og_description":"Santo Domingo.\u2013 El comentarista y productor del programa televisivo Despertar Pol\u00edtico, Rafael Linares Guerrero, afirm\u00f3 que el excandidato presidencial del Partido de la Liberaci\u00f3n Dominicana (PLD), Gonzalo Castillo, se habr\u00eda confabulado con el Partido Revolucionario Moderno (PRM) y con la Fuerza del Pueblo para impulsar las acusaciones judiciales contra el exministro de la Presidencia, Jos\u00e9...","og_url":"https:\/\/lodehoyrd.com\/?p=109","og_site_name":"LODEHOYRD.COM","article_publisher":"https:\/\/www.facebook.com\/lodeoyrd\/","article_published_time":"2026-01-29T01:52:39+00:00","article_modified_time":"2026-01-29T01:54:20+00:00","og_image":[{"width":1155,"height":768,"url":"https:\/\/lodehoyrd.com\/wp-content\/uploads\/2026\/01\/WhatsApp-Image-2026-01-28-at-9.49.05-PM-1.jpeg","type":"image\/jpeg"}],"author":"estebandelarosa2820@gmail.com","twitter_card":"summary_large_image","twitter_creator":"@PatriotasDom","twitter_site":"@PatriotasDom","twitter_misc":{"Written by":"estebandelarosa2820@gmail.com","Est. reading time":"2 minutos"},"schema":{"@context":"https:\/\/schema.org","@graph":[{"@type":"Article","@id":"https:\/\/lodehoyrd.com\/?p=109#article","isPartOf":{"@id":"https:\/\/lodehoyrd.com\/?p=109"},"author":{"name":"estebandelarosa2820@gmail.com","@id":"https:\/\/lodehoyrd.com\/#\/schema\/person\/080cec02e9cd72318c5b8c215402abd7"},"headline":"Comunicador Rafael Linares acusa a Gonzalo Castillo, PRM y FP de orquestar ataques contra Jos\u00e9 Ram\u00f3n Peralta","datePublished":"2026-01-29T01:52:39+00:00","dateModified":"2026-01-29T01:54:20+00:00","mainEntityOfPage":{"@id":"https:\/\/lodehoyrd.com\/?p=109"},"wordCount":403,"commentCount":0,"publisher":{"@id":"https:\/\/lodehoyrd.com\/#organization"},"image":{"@id":"https:\/\/lodehoyrd.com\/?p=109#primaryimage"},"thumbnailUrl":"https:\/\/lodehoyrd.com\/wp-content\/uploads\/2026\/01\/WhatsApp-Image-2026-01-28-at-9.49.05-PM-1.jpeg","articleSection":["POLITICA"],"inLanguage":"es-DO","potentialAction":[{"@type":"CommentAction","name":"Comment","target":["https:\/\/lodehoyrd.com\/?p=109#respond"]}]},{"@type":"WebPage","@id":"https:\/\/lodehoyrd.com\/?p=109","url":"https:\/\/lodehoyrd.com\/?p=109","name":"Comunicador Rafael Linares acusa a Gonzalo Castillo, PRM y FP de orquestar ataques contra Jos\u00e9 Ram\u00f3n Peralta - LODEHOYRD.COM","isPartOf":{"@id":"https:\/\/lodehoyrd.com\/#website"},"primaryImageOfPage":{"@id":"https:\/\/lodehoyrd.com\/?p=109#primaryimage"},"image":{"@id":"https:\/\/lodehoyrd.com\/?p=109#primaryimage"},"thumbnailUrl":"https:\/\/lodehoyrd.com\/wp-content\/uploads\/2026\/01\/WhatsApp-Image-2026-01-28-at-9.49.05-PM-1.jpeg","datePublished":"2026-01-29T01:52:39+00:00","dateModified":"2026-01-29T01:54:20+00:00","breadcrumb":{"@id":"https:\/\/lodehoyrd.com\/?p=109#breadcrumb"},"inLanguage":"es-DO","potentialAction":[{"@type":"ReadAction","target":["https:\/\/lodehoyrd.com\/?p=109"]}]},{"@type":"ImageObject","inLanguage":"es-DO","@id":"https:\/\/lodehoyrd.com\/?p=109#primaryimage","url":"https:\/\/lodehoyrd.com\/wp-content\/uploads\/2026\/01\/WhatsApp-Image-2026-01-28-at-9.49.05-PM-1.jpeg","contentUrl":"https:\/\/lodehoyrd.com\/wp-content\/uploads\/2026\/01\/WhatsApp-Image-2026-01-28-at-9.49.05-PM-1.jpeg","width":1155,"height":768},{"@type":"BreadcrumbList","@id":"https:\/\/lodehoyrd.com\/?p=109#breadcrumb","itemListElement":[{"@type":"ListItem","position":1,"name":"Home","item":"https:\/\/lodehoyrd.com\/"},{"@type":"ListItem","position":2,"name":"Comunicador Rafael Linares acusa a Gonzalo Castillo, PRM y FP de orquestar ataques contra Jos\u00e9 Ram\u00f3n Peralta"}]},{"@type":"WebSite","@id":"https:\/\/lodehoyrd.com\/#website","url":"https:\/\/lodehoyrd.com\/","name":"LODEHOYRD.COM","description":"INFORMACION ACTUAL Y VERAZ ","publisher":{"@id":"https:\/\/lodehoyrd.com\/#organization"},"potentialAction":[{"@type":"SearchAction","target":{"@type":"EntryPoint","urlTemplate":"https:\/\/lodehoyrd.com\/?s={search_term_string}"},"query-input":{"@type":"PropertyValueSpecification","valueRequired":true,"valueName":"search_term_string"}}],"inLanguage":"es-DO"},{"@type":"Organization","@id":"https:\/\/lodehoyrd.com\/#organization","name":"LODEHOYRD","url":"https:\/\/lodehoyrd.com\/","logo":{"@type":"ImageObject","inLanguage":"es-DO","@id":"https:\/\/lodehoyrd.com\/#\/schema\/logo\/image\/","url":"https:\/\/lodehoyrd.com\/wp-content\/uploads\/2026\/01\/cropped-587839248_1764678434311177_7454960250106730443_n.jpg","contentUrl":"https:\/\/lodehoyrd.com\/wp-content\/uploads\/2026\/01\/cropped-587839248_1764678434311177_7454960250106730443_n.jpg","width":512,"height":512,"caption":"LODEHOYRD"},"image":{"@id":"https:\/\/lodehoyrd.com\/#\/schema\/logo\/image\/"},"sameAs":["https:\/\/www.facebook.com\/lodeoyrd\/","https:\/\/x.com\/PatriotasDom","https:\/\/www.instagram.com\/lodehoyr\/","https:\/\/www.tiktok.com\/@lodehoyrd"]},{"@type":"Person","@id":"https:\/\/lodehoyrd.com\/#\/schema\/person\/080cec02e9cd72318c5b8c215402abd7","name":"estebandelarosa2820@gmail.com","image":{"@type":"ImageObject","inLanguage":"es-DO","@id":"https:\/\/secure.gravatar.com\/avatar\/cb4cce556556a7dd79eed4e5ff8c9cc5af640bad7cbcc06114b5f9300bb6f631?s=96&d=mm&r=g","url":"https:\/\/secure.gravatar.com\/avatar\/cb4cce556556a7dd79eed4e5ff8c9cc5af640bad7cbcc06114b5f9300bb6f631?s=96&d=mm&r=g","contentUrl":"https:\/\/secure.gravatar.com\/avatar\/cb4cce556556a7dd79eed4e5ff8c9cc5af640bad7cbcc06114b5f9300bb6f631?s=96&d=mm&r=g","caption":"estebandelarosa2820@gmail.com"},"sameAs":["https:\/\/lodehoyrd.com"],"url":"https:\/\/lodehoyrd.com\/?author=1"}]}},"_links":{"self":[{"href":"https:\/\/lodehoyrd.com\/index.php?rest_route=\/wp\/v2\/posts\/109","targetHints":{"allow":["GET"]}}],"collection":[{"href":"https:\/\/lodehoyrd.com\/index.php?rest_route=\/wp\/v2\/posts"}],"about":[{"href":"https:\/\/lodehoyrd.com\/index.php?rest_route=\/wp\/v2\/types\/post"}],"author":[{"embeddable":true,"href":"https:\/\/lodehoyrd.com\/index.php?rest_route=\/wp\/v2\/users\/1"}],"replies":[{"embeddable":true,"href":"https:\/\/lodehoyrd.com\/index.php?rest_route=%2Fwp%2Fv2%2Fcomments&post=109"}],"version-history":[{"count":1,"href":"https:\/\/lodehoyrd.com\/index.php?rest_route=\/wp\/v2\/posts\/109\/revisions"}],"predecessor-version":[{"id":111,"href":"https:\/\/lodehoyrd.com\/index.php?rest_route=\/wp\/v2\/posts\/109\/revisions\/111"}],"wp:featuredmedia":[{"embeddable":true,"href":"https:\/\/lodehoyrd.com\/index.php?rest_route=\/wp\/v2\/media\/110"}],"wp:attachment":[{"href":"https:\/\/lodehoyrd.com\/index.php?rest_route=%2Fwp%2Fv2%2Fmedia&parent=109"}],"wp:term":[{"taxonomy":"category","embeddable":true,"href":"https:\/\/lodehoyrd.com\/index.php?rest_route=%2Fwp%2Fv2%2Fcategories&post=109"},{"taxonomy":"post_tag","embeddable":true,"href":"https:\/\/lodehoyrd.com\/index.php?rest_route=%2Fwp%2Fv2%2Ftags&post=109"}],"curies":[{"name":"wp","href":"https:\/\/api.w.org\/{rel}","templated":true}]}}