{"id":10,"date":"2026-01-25T03:22:37","date_gmt":"2026-01-25T07:22:37","guid":{"rendered":"https:\/\/lodehoyrd.com\/?p=10"},"modified":"2026-01-25T03:22:37","modified_gmt":"2026-01-25T07:22:37","slug":"leonel-fernandez-opina-el-gobierno-ha-sido-gran-fracaso","status":"publish","type":"post","link":"https:\/\/lodehoyrd.com\/?p=10","title":{"rendered":"Leonel Fern\u00e1ndez opina el Gobierno ha sido \u00abgran fracaso\u00bb"},"content":{"rendered":"\n<p>SANTO DOMINGO.- El expresidente y presidente del partido Fuerza del Pueblo (FP), Leonel Fern\u00e1ndez, opin\u00f3 este s\u00e1bado que el gobierno del Partido Revolucionario Moderno (PRM) ha sido un fracaso en los aspectos m\u00e1s esenciales para la vida de la poblaci\u00f3n.<\/p>\n\n\n\n<p>Denunci\u00f3 el encarecimiento de los alimentos, el colapso del sistema de salud y la deficiente supervisi\u00f3n de las obras p\u00fablicas.<\/p>\n\n\n\n<p>Tras juramentar a nuevos miembros de la FP, Fern\u00e1ndez sostuvo que garantizar la alimentaci\u00f3n es una obligaci\u00f3n b\u00e1sica de cualquier Estado.<\/p>\n\n\n\n<p>Advirti\u00f3 que en la actualidad las familias dominicanas enfrentan una situaci\u00f3n cr\u00edtica.<\/p>\n\n\n\n<p>Se\u00f1al\u00f3 que productos de consumo diario como el pl\u00e1tano, los huevos y el aceite registran aumentos constantes, mientras los salarios permanecen estancados.<\/p>\n\n\n\n<figure class=\"wp-block-image\" id=\"attachment_1094288\"><img decoding=\"async\" src=\"https:\/\/almomento.net\/wp-content\/uploads\/2026\/01\/jura-300x200.jpg\" alt=\"\" class=\"wp-image-1094288\"\/><figcaption class=\"wp-element-caption\">Juramentaci\u00f3n de los nuevos miembros.<\/figcaption><\/figure>\n\n\n\n<p>\u201cEn los cinco a\u00f1os de gobierno del PRM, la canasta familiar se ha incrementado en 14 mil pesos. Hoy cuesta RD$14 mil m\u00e1s que en el a\u00f1o 2020\u201d, enfatiz\u00f3.<\/p>\n\n\n\n<p><strong>JURAMENTACION DE NUEVOS MIEMBROS<\/strong><\/p>\n\n\n\n<p>Fern\u00e1ndez jurament\u00f3 nuevos miembros de la Fuerza del Pueblo, en un acto coordinado por el general (r) Rafael Guillermo Guzm\u00e1n Ferm\u00edn, de la Direcci\u00f3n Pol\u00edtica; Ram\u00f3n Aquino Garc\u00eda, titular de la Secretar\u00eda de Seguridad y Defensa.<\/p>\n\n\n\n<p>Entre los juramentados figuran el tres veces regidor F\u00e9lix Manuel S\u00e1nchez, as\u00ed como la abogada Ligia Alfonza Figuereo, con m\u00e1s de 20 a\u00f1os de ejercicio como jueza de primera instancia, adem\u00e1s de los productores agropecuarios Eusebio (Ravelo) Fortuna y Alfonso Jim\u00e9nez, junto a un amplio equipo de dirigentes comunitarios y pol\u00edticos que decidieron abandonar el oficialismo.<\/p>\n\n\n\n<p>Tambi\u00e9n dirigentes y profesionales como Benjam\u00edn Polanco, Julio \u00c1ngel Paniagua, Jernry Cuello Jim\u00e9nez, \u00c1ngel Mar\u00eda Jim\u00e9nez, Nabel Adames, Ram\u00f3n Ra\u00fal V\u00e1zquez, Francis Encarnaci\u00f3n, H\u00e9ctor Encarnaci\u00f3n, Luis Alberto Valdez, Santos Herminio Cueva, Nurys Lauris Encarnaci\u00f3n, Carlos Isa\u00edas D\u00edaz y Roberto Encarnaci\u00f3n, entre otros l\u00edderes sociales y comunitarios de la regi\u00f3n fronteriza.<\/p>\n\n\n\n<p>of-am<\/p>\n","protected":false},"excerpt":{"rendered":"<p>SANTO DOMINGO.- El expresidente y presidente del partido Fuerza del Pueblo (FP), Leonel Fern\u00e1ndez, opin\u00f3 este s\u00e1bado que el gobierno del Partido Revolucionario Moderno (PRM) ha sido un fracaso en los aspectos m\u00e1s esenciales para la vida de la poblaci\u00f3n. Denunci\u00f3 el encarecimiento de los alimentos, el colapso del sistema de salud y la deficiente&#8230;<\/p>\n","protected":false},"author":1,"featured_media":11,"comment_status":"open","ping_status":"open","sticky":false,"template":"","format":"standard","meta":{"footnotes":""},"categories":[4],"tags":[],"class_list":["post-10","post","type-post","status-publish","format-standard","has-post-thumbnail","hentry","category-politica"],"yoast_head":"<!-- This site is optimized with the Yoast SEO plugin v27.4 - https:\/\/yoast.com\/product\/yoast-seo-wordpress\/ -->\n<title>Leonel Fern\u00e1ndez opina el Gobierno ha sido \u00abgran fracaso\u00bb - LODEHOYRD.COM<\/title>\n<meta name=\"robots\" content=\"index, follow, max-snippet:-1, max-image-preview:large, max-video-preview:-1\" \/>\n<link rel=\"canonical\" href=\"https:\/\/lodehoyrd.com\/?p=10\" \/>\n<meta property=\"og:locale\" content=\"es_ES\" \/>\n<meta property=\"og:type\" content=\"article\" \/>\n<meta property=\"og:title\" content=\"Leonel Fern\u00e1ndez opina el Gobierno ha sido \u00abgran fracaso\u00bb - LODEHOYRD.COM\" \/>\n<meta property=\"og:description\" content=\"SANTO DOMINGO.- El expresidente y presidente del partido Fuerza del Pueblo (FP), Leonel Fern\u00e1ndez, opin\u00f3 este s\u00e1bado que el gobierno del Partido Revolucionario Moderno (PRM) ha sido un fracaso en los aspectos m\u00e1s esenciales para la vida de la poblaci\u00f3n. Denunci\u00f3 el encarecimiento de los alimentos, el colapso del sistema de salud y la deficiente...\" \/>\n<meta property=\"og:url\" content=\"https:\/\/lodehoyrd.com\/?p=10\" \/>\n<meta property=\"og:site_name\" content=\"LODEHOYRD.COM\" \/>\n<meta property=\"article:publisher\" content=\"https:\/\/www.facebook.com\/lodeoyrd\/\" \/>\n<meta property=\"article:published_time\" content=\"2026-01-25T07:22:37+00:00\" \/>\n<meta property=\"og:image\" content=\"https:\/\/lodehoyrd.com\/wp-content\/uploads\/2026\/01\/leonel-1.jpg\" \/>\n\t<meta property=\"og:image:width\" content=\"680\" \/>\n\t<meta property=\"og:image:height\" content=\"454\" \/>\n\t<meta property=\"og:image:type\" content=\"image\/jpeg\" \/>\n<meta name=\"author\" content=\"estebandelarosa2820@gmail.com\" \/>\n<meta name=\"twitter:card\" content=\"summary_large_image\" \/>\n<meta name=\"twitter:creator\" content=\"@PatriotasDom\" \/>\n<meta name=\"twitter:site\" content=\"@PatriotasDom\" \/>\n<meta name=\"twitter:label1\" content=\"Written by\" \/>\n\t<meta name=\"twitter:data1\" content=\"estebandelarosa2820@gmail.com\" \/>\n\t<meta name=\"twitter:label2\" content=\"Est. reading time\" \/>\n\t<meta name=\"twitter:data2\" content=\"2 minutos\" \/>\n<script type=\"application\/ld+json\" class=\"yoast-schema-graph\">{\"@context\":\"https:\\\/\\\/schema.org\",\"@graph\":[{\"@type\":\"Article\",\"@id\":\"https:\\\/\\\/lodehoyrd.com\\\/?p=10#article\",\"isPartOf\":{\"@id\":\"https:\\\/\\\/lodehoyrd.com\\\/?p=10\"},\"author\":{\"name\":\"estebandelarosa2820@gmail.com\",\"@id\":\"https:\\\/\\\/lodehoyrd.com\\\/#\\\/schema\\\/person\\\/080cec02e9cd72318c5b8c215402abd7\"},\"headline\":\"Leonel Fern\u00e1ndez opina el Gobierno ha sido \u00abgran fracaso\u00bb\",\"datePublished\":\"2026-01-25T07:22:37+00:00\",\"mainEntityOfPage\":{\"@id\":\"https:\\\/\\\/lodehoyrd.com\\\/?p=10\"},\"wordCount\":354,\"commentCount\":0,\"publisher\":{\"@id\":\"https:\\\/\\\/lodehoyrd.com\\\/#organization\"},\"image\":{\"@id\":\"https:\\\/\\\/lodehoyrd.com\\\/?p=10#primaryimage\"},\"thumbnailUrl\":\"https:\\\/\\\/lodehoyrd.com\\\/wp-content\\\/uploads\\\/2026\\\/01\\\/leonel-1.jpg\",\"articleSection\":[\"POLITICA\"],\"inLanguage\":\"es-DO\",\"potentialAction\":[{\"@type\":\"CommentAction\",\"name\":\"Comment\",\"target\":[\"https:\\\/\\\/lodehoyrd.com\\\/?p=10#respond\"]}]},{\"@type\":\"WebPage\",\"@id\":\"https:\\\/\\\/lodehoyrd.com\\\/?p=10\",\"url\":\"https:\\\/\\\/lodehoyrd.com\\\/?p=10\",\"name\":\"Leonel Fern\u00e1ndez opina el Gobierno ha sido \u00abgran fracaso\u00bb - LODEHOYRD.COM\",\"isPartOf\":{\"@id\":\"https:\\\/\\\/lodehoyrd.com\\\/#website\"},\"primaryImageOfPage\":{\"@id\":\"https:\\\/\\\/lodehoyrd.com\\\/?p=10#primaryimage\"},\"image\":{\"@id\":\"https:\\\/\\\/lodehoyrd.com\\\/?p=10#primaryimage\"},\"thumbnailUrl\":\"https:\\\/\\\/lodehoyrd.com\\\/wp-content\\\/uploads\\\/2026\\\/01\\\/leonel-1.jpg\",\"datePublished\":\"2026-01-25T07:22:37+00:00\",\"breadcrumb\":{\"@id\":\"https:\\\/\\\/lodehoyrd.com\\\/?p=10#breadcrumb\"},\"inLanguage\":\"es-DO\",\"potentialAction\":[{\"@type\":\"ReadAction\",\"target\":[\"https:\\\/\\\/lodehoyrd.com\\\/?p=10\"]}]},{\"@type\":\"ImageObject\",\"inLanguage\":\"es-DO\",\"@id\":\"https:\\\/\\\/lodehoyrd.com\\\/?p=10#primaryimage\",\"url\":\"https:\\\/\\\/lodehoyrd.com\\\/wp-content\\\/uploads\\\/2026\\\/01\\\/leonel-1.jpg\",\"contentUrl\":\"https:\\\/\\\/lodehoyrd.com\\\/wp-content\\\/uploads\\\/2026\\\/01\\\/leonel-1.jpg\",\"width\":680,\"height\":454},{\"@type\":\"BreadcrumbList\",\"@id\":\"https:\\\/\\\/lodehoyrd.com\\\/?p=10#breadcrumb\",\"itemListElement\":[{\"@type\":\"ListItem\",\"position\":1,\"name\":\"Home\",\"item\":\"https:\\\/\\\/lodehoyrd.com\\\/\"},{\"@type\":\"ListItem\",\"position\":2,\"name\":\"Leonel Fern\u00e1ndez opina el Gobierno ha sido \u00abgran fracaso\u00bb\"}]},{\"@type\":\"WebSite\",\"@id\":\"https:\\\/\\\/lodehoyrd.com\\\/#website\",\"url\":\"https:\\\/\\\/lodehoyrd.com\\\/\",\"name\":\"LODEHOYRD.COM\",\"description\":\"INFORMACION ACTUAL Y VERAZ \",\"publisher\":{\"@id\":\"https:\\\/\\\/lodehoyrd.com\\\/#organization\"},\"potentialAction\":[{\"@type\":\"SearchAction\",\"target\":{\"@type\":\"EntryPoint\",\"urlTemplate\":\"https:\\\/\\\/lodehoyrd.com\\\/?s={search_term_string}\"},\"query-input\":{\"@type\":\"PropertyValueSpecification\",\"valueRequired\":true,\"valueName\":\"search_term_string\"}}],\"inLanguage\":\"es-DO\"},{\"@type\":\"Organization\",\"@id\":\"https:\\\/\\\/lodehoyrd.com\\\/#organization\",\"name\":\"LODEHOYRD\",\"url\":\"https:\\\/\\\/lodehoyrd.com\\\/\",\"logo\":{\"@type\":\"ImageObject\",\"inLanguage\":\"es-DO\",\"@id\":\"https:\\\/\\\/lodehoyrd.com\\\/#\\\/schema\\\/logo\\\/image\\\/\",\"url\":\"https:\\\/\\\/lodehoyrd.com\\\/wp-content\\\/uploads\\\/2026\\\/01\\\/cropped-587839248_1764678434311177_7454960250106730443_n.jpg\",\"contentUrl\":\"https:\\\/\\\/lodehoyrd.com\\\/wp-content\\\/uploads\\\/2026\\\/01\\\/cropped-587839248_1764678434311177_7454960250106730443_n.jpg\",\"width\":512,\"height\":512,\"caption\":\"LODEHOYRD\"},\"image\":{\"@id\":\"https:\\\/\\\/lodehoyrd.com\\\/#\\\/schema\\\/logo\\\/image\\\/\"},\"sameAs\":[\"https:\\\/\\\/www.facebook.com\\\/lodeoyrd\\\/\",\"https:\\\/\\\/x.com\\\/PatriotasDom\",\"https:\\\/\\\/www.instagram.com\\\/lodehoyr\\\/\",\"https:\\\/\\\/www.tiktok.com\\\/@lodehoyrd\"]},{\"@type\":\"Person\",\"@id\":\"https:\\\/\\\/lodehoyrd.com\\\/#\\\/schema\\\/person\\\/080cec02e9cd72318c5b8c215402abd7\",\"name\":\"estebandelarosa2820@gmail.com\",\"image\":{\"@type\":\"ImageObject\",\"inLanguage\":\"es-DO\",\"@id\":\"https:\\\/\\\/secure.gravatar.com\\\/avatar\\\/cb4cce556556a7dd79eed4e5ff8c9cc5af640bad7cbcc06114b5f9300bb6f631?s=96&d=mm&r=g\",\"url\":\"https:\\\/\\\/secure.gravatar.com\\\/avatar\\\/cb4cce556556a7dd79eed4e5ff8c9cc5af640bad7cbcc06114b5f9300bb6f631?s=96&d=mm&r=g\",\"contentUrl\":\"https:\\\/\\\/secure.gravatar.com\\\/avatar\\\/cb4cce556556a7dd79eed4e5ff8c9cc5af640bad7cbcc06114b5f9300bb6f631?s=96&d=mm&r=g\",\"caption\":\"estebandelarosa2820@gmail.com\"},\"sameAs\":[\"https:\\\/\\\/lodehoyrd.com\"],\"url\":\"https:\\\/\\\/lodehoyrd.com\\\/?author=1\"}]}<\/script>\n<!-- \/ Yoast SEO plugin. -->","yoast_head_json":{"title":"Leonel Fern\u00e1ndez opina el Gobierno ha sido \u00abgran fracaso\u00bb - LODEHOYRD.COM","robots":{"index":"index","follow":"follow","max-snippet":"max-snippet:-1","max-image-preview":"max-image-preview:large","max-video-preview":"max-video-preview:-1"},"canonical":"https:\/\/lodehoyrd.com\/?p=10","og_locale":"es_ES","og_type":"article","og_title":"Leonel Fern\u00e1ndez opina el Gobierno ha sido \u00abgran fracaso\u00bb - LODEHOYRD.COM","og_description":"SANTO DOMINGO.- El expresidente y presidente del partido Fuerza del Pueblo (FP), Leonel Fern\u00e1ndez, opin\u00f3 este s\u00e1bado que el gobierno del Partido Revolucionario Moderno (PRM) ha sido un fracaso en los aspectos m\u00e1s esenciales para la vida de la poblaci\u00f3n. Denunci\u00f3 el encarecimiento de los alimentos, el colapso del sistema de salud y la deficiente...","og_url":"https:\/\/lodehoyrd.com\/?p=10","og_site_name":"LODEHOYRD.COM","article_publisher":"https:\/\/www.facebook.com\/lodeoyrd\/","article_published_time":"2026-01-25T07:22:37+00:00","og_image":[{"width":680,"height":454,"url":"https:\/\/lodehoyrd.com\/wp-content\/uploads\/2026\/01\/leonel-1.jpg","type":"image\/jpeg"}],"author":"estebandelarosa2820@gmail.com","twitter_card":"summary_large_image","twitter_creator":"@PatriotasDom","twitter_site":"@PatriotasDom","twitter_misc":{"Written by":"estebandelarosa2820@gmail.com","Est. reading time":"2 minutos"},"schema":{"@context":"https:\/\/schema.org","@graph":[{"@type":"Article","@id":"https:\/\/lodehoyrd.com\/?p=10#article","isPartOf":{"@id":"https:\/\/lodehoyrd.com\/?p=10"},"author":{"name":"estebandelarosa2820@gmail.com","@id":"https:\/\/lodehoyrd.com\/#\/schema\/person\/080cec02e9cd72318c5b8c215402abd7"},"headline":"Leonel Fern\u00e1ndez opina el Gobierno ha sido \u00abgran fracaso\u00bb","datePublished":"2026-01-25T07:22:37+00:00","mainEntityOfPage":{"@id":"https:\/\/lodehoyrd.com\/?p=10"},"wordCount":354,"commentCount":0,"publisher":{"@id":"https:\/\/lodehoyrd.com\/#organization"},"image":{"@id":"https:\/\/lodehoyrd.com\/?p=10#primaryimage"},"thumbnailUrl":"https:\/\/lodehoyrd.com\/wp-content\/uploads\/2026\/01\/leonel-1.jpg","articleSection":["POLITICA"],"inLanguage":"es-DO","potentialAction":[{"@type":"CommentAction","name":"Comment","target":["https:\/\/lodehoyrd.com\/?p=10#respond"]}]},{"@type":"WebPage","@id":"https:\/\/lodehoyrd.com\/?p=10","url":"https:\/\/lodehoyrd.com\/?p=10","name":"Leonel Fern\u00e1ndez opina el Gobierno ha sido \u00abgran fracaso\u00bb - LODEHOYRD.COM","isPartOf":{"@id":"https:\/\/lodehoyrd.com\/#website"},"primaryImageOfPage":{"@id":"https:\/\/lodehoyrd.com\/?p=10#primaryimage"},"image":{"@id":"https:\/\/lodehoyrd.com\/?p=10#primaryimage"},"thumbnailUrl":"https:\/\/lodehoyrd.com\/wp-content\/uploads\/2026\/01\/leonel-1.jpg","datePublished":"2026-01-25T07:22:37+00:00","breadcrumb":{"@id":"https:\/\/lodehoyrd.com\/?p=10#breadcrumb"},"inLanguage":"es-DO","potentialAction":[{"@type":"ReadAction","target":["https:\/\/lodehoyrd.com\/?p=10"]}]},{"@type":"ImageObject","inLanguage":"es-DO","@id":"https:\/\/lodehoyrd.com\/?p=10#primaryimage","url":"https:\/\/lodehoyrd.com\/wp-content\/uploads\/2026\/01\/leonel-1.jpg","contentUrl":"https:\/\/lodehoyrd.com\/wp-content\/uploads\/2026\/01\/leonel-1.jpg","width":680,"height":454},{"@type":"BreadcrumbList","@id":"https:\/\/lodehoyrd.com\/?p=10#breadcrumb","itemListElement":[{"@type":"ListItem","position":1,"name":"Home","item":"https:\/\/lodehoyrd.com\/"},{"@type":"ListItem","position":2,"name":"Leonel Fern\u00e1ndez opina el Gobierno ha sido \u00abgran fracaso\u00bb"}]},{"@type":"WebSite","@id":"https:\/\/lodehoyrd.com\/#website","url":"https:\/\/lodehoyrd.com\/","name":"LODEHOYRD.COM","description":"INFORMACION ACTUAL Y VERAZ ","publisher":{"@id":"https:\/\/lodehoyrd.com\/#organization"},"potentialAction":[{"@type":"SearchAction","target":{"@type":"EntryPoint","urlTemplate":"https:\/\/lodehoyrd.com\/?s={search_term_string}"},"query-input":{"@type":"PropertyValueSpecification","valueRequired":true,"valueName":"search_term_string"}}],"inLanguage":"es-DO"},{"@type":"Organization","@id":"https:\/\/lodehoyrd.com\/#organization","name":"LODEHOYRD","url":"https:\/\/lodehoyrd.com\/","logo":{"@type":"ImageObject","inLanguage":"es-DO","@id":"https:\/\/lodehoyrd.com\/#\/schema\/logo\/image\/","url":"https:\/\/lodehoyrd.com\/wp-content\/uploads\/2026\/01\/cropped-587839248_1764678434311177_7454960250106730443_n.jpg","contentUrl":"https:\/\/lodehoyrd.com\/wp-content\/uploads\/2026\/01\/cropped-587839248_1764678434311177_7454960250106730443_n.jpg","width":512,"height":512,"caption":"LODEHOYRD"},"image":{"@id":"https:\/\/lodehoyrd.com\/#\/schema\/logo\/image\/"},"sameAs":["https:\/\/www.facebook.com\/lodeoyrd\/","https:\/\/x.com\/PatriotasDom","https:\/\/www.instagram.com\/lodehoyr\/","https:\/\/www.tiktok.com\/@lodehoyrd"]},{"@type":"Person","@id":"https:\/\/lodehoyrd.com\/#\/schema\/person\/080cec02e9cd72318c5b8c215402abd7","name":"estebandelarosa2820@gmail.com","image":{"@type":"ImageObject","inLanguage":"es-DO","@id":"https:\/\/secure.gravatar.com\/avatar\/cb4cce556556a7dd79eed4e5ff8c9cc5af640bad7cbcc06114b5f9300bb6f631?s=96&d=mm&r=g","url":"https:\/\/secure.gravatar.com\/avatar\/cb4cce556556a7dd79eed4e5ff8c9cc5af640bad7cbcc06114b5f9300bb6f631?s=96&d=mm&r=g","contentUrl":"https:\/\/secure.gravatar.com\/avatar\/cb4cce556556a7dd79eed4e5ff8c9cc5af640bad7cbcc06114b5f9300bb6f631?s=96&d=mm&r=g","caption":"estebandelarosa2820@gmail.com"},"sameAs":["https:\/\/lodehoyrd.com"],"url":"https:\/\/lodehoyrd.com\/?author=1"}]}},"_links":{"self":[{"href":"https:\/\/lodehoyrd.com\/index.php?rest_route=\/wp\/v2\/posts\/10","targetHints":{"allow":["GET"]}}],"collection":[{"href":"https:\/\/lodehoyrd.com\/index.php?rest_route=\/wp\/v2\/posts"}],"about":[{"href":"https:\/\/lodehoyrd.com\/index.php?rest_route=\/wp\/v2\/types\/post"}],"author":[{"embeddable":true,"href":"https:\/\/lodehoyrd.com\/index.php?rest_route=\/wp\/v2\/users\/1"}],"replies":[{"embeddable":true,"href":"https:\/\/lodehoyrd.com\/index.php?rest_route=%2Fwp%2Fv2%2Fcomments&post=10"}],"version-history":[{"count":1,"href":"https:\/\/lodehoyrd.com\/index.php?rest_route=\/wp\/v2\/posts\/10\/revisions"}],"predecessor-version":[{"id":12,"href":"https:\/\/lodehoyrd.com\/index.php?rest_route=\/wp\/v2\/posts\/10\/revisions\/12"}],"wp:featuredmedia":[{"embeddable":true,"href":"https:\/\/lodehoyrd.com\/index.php?rest_route=\/wp\/v2\/media\/11"}],"wp:attachment":[{"href":"https:\/\/lodehoyrd.com\/index.php?rest_route=%2Fwp%2Fv2%2Fmedia&parent=10"}],"wp:term":[{"taxonomy":"category","embeddable":true,"href":"https:\/\/lodehoyrd.com\/index.php?rest_route=%2Fwp%2Fv2%2Fcategories&post=10"},{"taxonomy":"post_tag","embeddable":true,"href":"https:\/\/lodehoyrd.com\/index.php?rest_route=%2Fwp%2Fv2%2Ftags&post=10"}],"curies":[{"name":"wp","href":"https:\/\/api.w.org\/{rel}","templated":true}]}}